{"id":956,"date":"2013-01-19T13:17:26","date_gmt":"2013-01-19T12:17:26","guid":{"rendered":"http:\/\/blog.eastwest-trading.de\/?p=956"},"modified":"2018-03-22T10:16:04","modified_gmt":"2018-03-22T09:16:04","slug":"im-fokus-teil-1-der-raumteiler-deluxe-aus-polyrattan","status":"publish","type":"post","link":"https:\/\/www.eastwest-trading.de\/blog\/im-fokus\/im-fokus-teil-1-der-raumteiler-deluxe-aus-polyrattan\/","title":{"rendered":"Im Fokus (Teil 1): der Raumteiler DELUXE aus Polyrattan"},"content":{"rendered":"<article class=\"entry-content\"><p><img loading=\"lazy\" decoding=\"async\" class=\"alignleft size-medium wp-image-957\" src=\"https:\/\/www.eastwest-trading.de\/blog\/wp-content\/uploads\/2013\/01\/Raumteiler_luxus1-300x200.jpg\" alt=\"Raumteiler_luxus1\" width=\"300\" height=\"200\" \/>\u201eIm Fokus\u201c hei\u00dft die lose Serie, in der Eastwest seine Produkte den Kunden vorstellt \u2013 und zwar en detail und in Nahaufnahme. Anfangen wollen wir mit dem Pflanzk\u00fcbel und <a title=\"Polyrattan-Raumteiler in mokka\" href=\"https:\/\/www.eastwest-trading.de\/Raumteiler\/\" target=\"_blank\" rel=\"noopener noreferrer\">Raumteiler DELUXE aus Polyrattan in den Gr\u00f6\u00dfen 83cm und 112cm<\/a>.<\/p>\n<p>Dieses Trennelement ist ein wahres Multitalent. Die Entwurfsphase dauerte fast ein halbes Jahr, \u201eweil wir nicht nur einen gew\u00f6hnlichen Raumteiler machen wollten, sondern einen gro\u00dfen Pflanztrog mit Mehrwert\u201c, sagt der Inhaber Stephan Hack. Praktisch bedeutet das, dass nicht ein gew\u00f6hnliches Inlet aus Zink zum Bepflanzen zur Verf\u00fcgung steht, \u201edenn so etwas ist uninspiriert und gibt es bereits zu Hauf\u201c, so Hack. Vielmehr sind bei diesem Blumenk\u00fcbel von Eastwest gleich drei <a title=\"hochwertige Pflanzeins\u00e4tze\" href=\"https:\/\/www.eastwest-trading.de\/Zubehoer\/Pflanzeinsaetze\/\" target=\"_blank\" rel=\"noopener noreferrer\">hochwertige Pflanzeins\u00e4tze aus Kunststoff<\/a> in den Rand eingesetzt \u2013 herausnehmbare Wassersysteme inklusive. Eastwest setzt damit neue Ma\u00dfst\u00e4be im Bereich Pflanzk\u00fcbel aus Polyrattan.<\/p>\n<p>Und nicht nur das. \u201eWir wollten, dass die Kunden diese Pflanzgef\u00e4\u00dfe zu ihren Gartenm\u00f6beln verwenden k\u00f6nnen\u201c, erkl\u00e4rt Stephan Hack. Denn nach wie vor sind Gartenm\u00f6bel und Loungegruppen aus Polyrattan das non plus ultra bei den Freizeitm\u00f6beln f\u00fcr Garten und Terrasse. Die Fasern der Raumteiler und Pflanztr\u00f6ge DELUXE sind optimal daran angepasst und erh\u00e4ltlich in mokka, schwarz und perlwei\u00df. \u201eDiesen Mehrwert unserer Polyrattan-Pflanzk\u00fcbel sch\u00e4tzen unsere Kunden\u201c, sagt Stephan Hack. Nicht umsonst kletterte der Raumteiler DELUXE gleich nach seiner Markteinf\u00fchrung auf die interne Bestsellerliste \u2013 und stehen dort nach wie vor.<\/p>\n<p>&nbsp;<\/p>\n<p>&nbsp;<\/p>\n<\/article>","protected":false},"excerpt":{"rendered":"<p>\u201eIm Fokus\u201c hei\u00dft die lose Serie, in der Eastwest seine Produkte den Kunden vorstellt \u2013 und zwar en detail und in Nahaufnahme. Anfangen wollen&#8230;<\/p>\n","protected":false},"author":2,"featured_media":0,"comment_status":"open","ping_status":"open","sticky":false,"template":"","format":"standard","meta":{"footnotes":""},"categories":[547],"tags":[],"class_list":["post-956","post","type-post","status-publish","format-standard","hentry","category-im-fokus","post-item","post-even"],"yoast_head":"<!-- This site is optimized with the Yoast SEO plugin v27.5 - https:\/\/yoast.com\/product\/yoast-seo-wordpress\/ -->\n<title>Im Fokus (Teil 1): der Raumteiler DELUXE aus Polyrattan - Gartenpflege Tipps &amp; Ideen<\/title>\n<meta name=\"robots\" content=\"index, follow, max-snippet:-1, max-image-preview:large, max-video-preview:-1\" \/>\n<link rel=\"canonical\" href=\"https:\/\/www.eastwest-trading.de\/blog\/im-fokus\/im-fokus-teil-1-der-raumteiler-deluxe-aus-polyrattan\/\" \/>\n<meta property=\"og:locale\" content=\"de_DE\" \/>\n<meta property=\"og:type\" content=\"article\" \/>\n<meta property=\"og:title\" content=\"Im Fokus (Teil 1): der Raumteiler DELUXE aus Polyrattan - Gartenpflege Tipps &amp; Ideen\" \/>\n<meta property=\"og:description\" content=\"\u201eIm Fokus\u201c hei\u00dft die lose Serie, in der Eastwest seine Produkte den Kunden vorstellt \u2013 und zwar en detail und in Nahaufnahme. Anfangen wollen...\" \/>\n<meta property=\"og:url\" content=\"https:\/\/www.eastwest-trading.de\/blog\/im-fokus\/im-fokus-teil-1-der-raumteiler-deluxe-aus-polyrattan\/\" \/>\n<meta property=\"og:site_name\" content=\"Gartenpflege Tipps &amp; Ideen\" \/>\n<meta property=\"article:publisher\" content=\"https:\/\/www.facebook.com\/EastwestTrading.Pflanzkuebel\/\" \/>\n<meta property=\"article:published_time\" content=\"2013-01-19T12:17:26+00:00\" \/>\n<meta property=\"article:modified_time\" content=\"2018-03-22T09:16:04+00:00\" \/>\n<meta property=\"og:image\" content=\"https:\/\/www.eastwest-trading.de\/blog\/wp-content\/uploads\/2013\/01\/Raumteiler_luxus1-300x200.jpg\" \/>\n<meta name=\"author\" content=\"Stephan\" \/>\n<meta name=\"twitter:label1\" content=\"Verfasst von\" \/>\n\t<meta name=\"twitter:data1\" content=\"Stephan\" \/>\n\t<meta name=\"twitter:label2\" content=\"Gesch\u00e4tzte Lesezeit\" \/>\n\t<meta name=\"twitter:data2\" content=\"1\u00a0Minute\" \/>\n<script type=\"application\/ld+json\" class=\"yoast-schema-graph\">{\"@context\":\"https:\\\/\\\/schema.org\",\"@graph\":[{\"@type\":\"Article\",\"@id\":\"https:\\\/\\\/www.eastwest-trading.de\\\/blog\\\/im-fokus\\\/im-fokus-teil-1-der-raumteiler-deluxe-aus-polyrattan\\\/#article\",\"isPartOf\":{\"@id\":\"https:\\\/\\\/www.eastwest-trading.de\\\/blog\\\/im-fokus\\\/im-fokus-teil-1-der-raumteiler-deluxe-aus-polyrattan\\\/\"},\"author\":{\"name\":\"Stephan\",\"@id\":\"https:\\\/\\\/www.eastwest-trading.de\\\/blog\\\/#\\\/schema\\\/person\\\/91fc85a47b32465d8c1f3593d019f7f3\"},\"headline\":\"Im Fokus (Teil 1): der Raumteiler DELUXE aus Polyrattan\",\"datePublished\":\"2013-01-19T12:17:26+00:00\",\"dateModified\":\"2018-03-22T09:16:04+00:00\",\"mainEntityOfPage\":{\"@id\":\"https:\\\/\\\/www.eastwest-trading.de\\\/blog\\\/im-fokus\\\/im-fokus-teil-1-der-raumteiler-deluxe-aus-polyrattan\\\/\"},\"wordCount\":251,\"commentCount\":0,\"publisher\":{\"@id\":\"https:\\\/\\\/www.eastwest-trading.de\\\/blog\\\/#organization\"},\"image\":{\"@id\":\"https:\\\/\\\/www.eastwest-trading.de\\\/blog\\\/im-fokus\\\/im-fokus-teil-1-der-raumteiler-deluxe-aus-polyrattan\\\/#primaryimage\"},\"thumbnailUrl\":\"https:\\\/\\\/www.eastwest-trading.de\\\/blog\\\/wp-content\\\/uploads\\\/2013\\\/01\\\/Raumteiler_luxus1-300x200.jpg\",\"articleSection\":[\"Im Fokus\"],\"inLanguage\":\"de\",\"potentialAction\":[{\"@type\":\"CommentAction\",\"name\":\"Comment\",\"target\":[\"https:\\\/\\\/www.eastwest-trading.de\\\/blog\\\/im-fokus\\\/im-fokus-teil-1-der-raumteiler-deluxe-aus-polyrattan\\\/#respond\"]}]},{\"@type\":\"WebPage\",\"@id\":\"https:\\\/\\\/www.eastwest-trading.de\\\/blog\\\/im-fokus\\\/im-fokus-teil-1-der-raumteiler-deluxe-aus-polyrattan\\\/\",\"url\":\"https:\\\/\\\/www.eastwest-trading.de\\\/blog\\\/im-fokus\\\/im-fokus-teil-1-der-raumteiler-deluxe-aus-polyrattan\\\/\",\"name\":\"Im Fokus (Teil 1): der Raumteiler DELUXE aus Polyrattan - Gartenpflege Tipps &amp; Ideen\",\"isPartOf\":{\"@id\":\"https:\\\/\\\/www.eastwest-trading.de\\\/blog\\\/#website\"},\"primaryImageOfPage\":{\"@id\":\"https:\\\/\\\/www.eastwest-trading.de\\\/blog\\\/im-fokus\\\/im-fokus-teil-1-der-raumteiler-deluxe-aus-polyrattan\\\/#primaryimage\"},\"image\":{\"@id\":\"https:\\\/\\\/www.eastwest-trading.de\\\/blog\\\/im-fokus\\\/im-fokus-teil-1-der-raumteiler-deluxe-aus-polyrattan\\\/#primaryimage\"},\"thumbnailUrl\":\"https:\\\/\\\/www.eastwest-trading.de\\\/blog\\\/wp-content\\\/uploads\\\/2013\\\/01\\\/Raumteiler_luxus1-300x200.jpg\",\"datePublished\":\"2013-01-19T12:17:26+00:00\",\"dateModified\":\"2018-03-22T09:16:04+00:00\",\"breadcrumb\":{\"@id\":\"https:\\\/\\\/www.eastwest-trading.de\\\/blog\\\/im-fokus\\\/im-fokus-teil-1-der-raumteiler-deluxe-aus-polyrattan\\\/#breadcrumb\"},\"inLanguage\":\"de\",\"potentialAction\":[{\"@type\":\"ReadAction\",\"target\":[\"https:\\\/\\\/www.eastwest-trading.de\\\/blog\\\/im-fokus\\\/im-fokus-teil-1-der-raumteiler-deluxe-aus-polyrattan\\\/\"]}]},{\"@type\":\"ImageObject\",\"inLanguage\":\"de\",\"@id\":\"https:\\\/\\\/www.eastwest-trading.de\\\/blog\\\/im-fokus\\\/im-fokus-teil-1-der-raumteiler-deluxe-aus-polyrattan\\\/#primaryimage\",\"url\":\"https:\\\/\\\/www.eastwest-trading.de\\\/blog\\\/wp-content\\\/uploads\\\/2013\\\/01\\\/Raumteiler_luxus1-300x200.jpg\",\"contentUrl\":\"https:\\\/\\\/www.eastwest-trading.de\\\/blog\\\/wp-content\\\/uploads\\\/2013\\\/01\\\/Raumteiler_luxus1-300x200.jpg\"},{\"@type\":\"BreadcrumbList\",\"@id\":\"https:\\\/\\\/www.eastwest-trading.de\\\/blog\\\/im-fokus\\\/im-fokus-teil-1-der-raumteiler-deluxe-aus-polyrattan\\\/#breadcrumb\",\"itemListElement\":[{\"@type\":\"ListItem\",\"position\":1,\"name\":\"Home\",\"item\":\"https:\\\/\\\/www.eastwest-trading.de\\\/blog\\\/\"},{\"@type\":\"ListItem\",\"position\":2,\"name\":\"Im Fokus (Teil 1): der Raumteiler DELUXE aus Polyrattan\"}]},{\"@type\":\"WebSite\",\"@id\":\"https:\\\/\\\/www.eastwest-trading.de\\\/blog\\\/#website\",\"url\":\"https:\\\/\\\/www.eastwest-trading.de\\\/blog\\\/\",\"name\":\"Eastwest Trading\",\"description\":\"\",\"publisher\":{\"@id\":\"https:\\\/\\\/www.eastwest-trading.de\\\/blog\\\/#organization\"},\"potentialAction\":[{\"@type\":\"SearchAction\",\"target\":{\"@type\":\"EntryPoint\",\"urlTemplate\":\"https:\\\/\\\/www.eastwest-trading.de\\\/blog\\\/?s={search_term_string}\"},\"query-input\":{\"@type\":\"PropertyValueSpecification\",\"valueRequired\":true,\"valueName\":\"search_term_string\"}}],\"inLanguage\":\"de\"},{\"@type\":\"Organization\",\"@id\":\"https:\\\/\\\/www.eastwest-trading.de\\\/blog\\\/#organization\",\"name\":\"Gartenpflege Tipps & Ideen\",\"url\":\"https:\\\/\\\/www.eastwest-trading.de\\\/blog\\\/\",\"logo\":{\"@type\":\"ImageObject\",\"inLanguage\":\"de\",\"@id\":\"https:\\\/\\\/www.eastwest-trading.de\\\/blog\\\/#\\\/schema\\\/logo\\\/image\\\/\",\"url\":\"https:\\\/\\\/www.eastwest-trading.de\\\/blog\\\/wp-content\\\/uploads\\\/2017\\\/09\\\/eastwest-trading-logo-schoener-leben-mit-pflanzkuebeln.png\",\"contentUrl\":\"https:\\\/\\\/www.eastwest-trading.de\\\/blog\\\/wp-content\\\/uploads\\\/2017\\\/09\\\/eastwest-trading-logo-schoener-leben-mit-pflanzkuebeln.png\",\"width\":290,\"height\":102,\"caption\":\"Gartenpflege Tipps & Ideen\"},\"image\":{\"@id\":\"https:\\\/\\\/www.eastwest-trading.de\\\/blog\\\/#\\\/schema\\\/logo\\\/image\\\/\"},\"sameAs\":[\"https:\\\/\\\/www.facebook.com\\\/EastwestTrading.Pflanzkuebel\\\/\"]},{\"@type\":\"Person\",\"@id\":\"https:\\\/\\\/www.eastwest-trading.de\\\/blog\\\/#\\\/schema\\\/person\\\/91fc85a47b32465d8c1f3593d019f7f3\",\"name\":\"Stephan\",\"image\":{\"@type\":\"ImageObject\",\"inLanguage\":\"de\",\"@id\":\"https:\\\/\\\/secure.gravatar.com\\\/avatar\\\/e10e6ef4907f2b0e0e3eb2c76a118639d1e851599fdccec21fa6966e66dc8153?s=96&d=mm&r=g\",\"url\":\"https:\\\/\\\/secure.gravatar.com\\\/avatar\\\/e10e6ef4907f2b0e0e3eb2c76a118639d1e851599fdccec21fa6966e66dc8153?s=96&d=mm&r=g\",\"contentUrl\":\"https:\\\/\\\/secure.gravatar.com\\\/avatar\\\/e10e6ef4907f2b0e0e3eb2c76a118639d1e851599fdccec21fa6966e66dc8153?s=96&d=mm&r=g\",\"caption\":\"Stephan\"},\"url\":\"https:\\\/\\\/www.eastwest-trading.de\\\/blog\\\/author\\\/stephan\\\/\"}]}<\/script>\n<!-- \/ Yoast SEO plugin. -->","yoast_head_json":{"title":"Im Fokus (Teil 1): der Raumteiler DELUXE aus Polyrattan - Gartenpflege Tipps &amp; Ideen","robots":{"index":"index","follow":"follow","max-snippet":"max-snippet:-1","max-image-preview":"max-image-preview:large","max-video-preview":"max-video-preview:-1"},"canonical":"https:\/\/www.eastwest-trading.de\/blog\/im-fokus\/im-fokus-teil-1-der-raumteiler-deluxe-aus-polyrattan\/","og_locale":"de_DE","og_type":"article","og_title":"Im Fokus (Teil 1): der Raumteiler DELUXE aus Polyrattan - Gartenpflege Tipps &amp; Ideen","og_description":"\u201eIm Fokus\u201c hei\u00dft die lose Serie, in der Eastwest seine Produkte den Kunden vorstellt \u2013 und zwar en detail und in Nahaufnahme. Anfangen wollen...","og_url":"https:\/\/www.eastwest-trading.de\/blog\/im-fokus\/im-fokus-teil-1-der-raumteiler-deluxe-aus-polyrattan\/","og_site_name":"Gartenpflege Tipps &amp; Ideen","article_publisher":"https:\/\/www.facebook.com\/EastwestTrading.Pflanzkuebel\/","article_published_time":"2013-01-19T12:17:26+00:00","article_modified_time":"2018-03-22T09:16:04+00:00","og_image":[{"url":"https:\/\/www.eastwest-trading.de\/blog\/wp-content\/uploads\/2013\/01\/Raumteiler_luxus1-300x200.jpg","type":"","width":"","height":""}],"author":"Stephan","twitter_misc":{"Verfasst von":"Stephan","Gesch\u00e4tzte Lesezeit":"1\u00a0Minute"},"schema":{"@context":"https:\/\/schema.org","@graph":[{"@type":"Article","@id":"https:\/\/www.eastwest-trading.de\/blog\/im-fokus\/im-fokus-teil-1-der-raumteiler-deluxe-aus-polyrattan\/#article","isPartOf":{"@id":"https:\/\/www.eastwest-trading.de\/blog\/im-fokus\/im-fokus-teil-1-der-raumteiler-deluxe-aus-polyrattan\/"},"author":{"name":"Stephan","@id":"https:\/\/www.eastwest-trading.de\/blog\/#\/schema\/person\/91fc85a47b32465d8c1f3593d019f7f3"},"headline":"Im Fokus (Teil 1): der Raumteiler DELUXE aus Polyrattan","datePublished":"2013-01-19T12:17:26+00:00","dateModified":"2018-03-22T09:16:04+00:00","mainEntityOfPage":{"@id":"https:\/\/www.eastwest-trading.de\/blog\/im-fokus\/im-fokus-teil-1-der-raumteiler-deluxe-aus-polyrattan\/"},"wordCount":251,"commentCount":0,"publisher":{"@id":"https:\/\/www.eastwest-trading.de\/blog\/#organization"},"image":{"@id":"https:\/\/www.eastwest-trading.de\/blog\/im-fokus\/im-fokus-teil-1-der-raumteiler-deluxe-aus-polyrattan\/#primaryimage"},"thumbnailUrl":"https:\/\/www.eastwest-trading.de\/blog\/wp-content\/uploads\/2013\/01\/Raumteiler_luxus1-300x200.jpg","articleSection":["Im Fokus"],"inLanguage":"de","potentialAction":[{"@type":"CommentAction","name":"Comment","target":["https:\/\/www.eastwest-trading.de\/blog\/im-fokus\/im-fokus-teil-1-der-raumteiler-deluxe-aus-polyrattan\/#respond"]}]},{"@type":"WebPage","@id":"https:\/\/www.eastwest-trading.de\/blog\/im-fokus\/im-fokus-teil-1-der-raumteiler-deluxe-aus-polyrattan\/","url":"https:\/\/www.eastwest-trading.de\/blog\/im-fokus\/im-fokus-teil-1-der-raumteiler-deluxe-aus-polyrattan\/","name":"Im Fokus (Teil 1): der Raumteiler DELUXE aus Polyrattan - Gartenpflege Tipps &amp; Ideen","isPartOf":{"@id":"https:\/\/www.eastwest-trading.de\/blog\/#website"},"primaryImageOfPage":{"@id":"https:\/\/www.eastwest-trading.de\/blog\/im-fokus\/im-fokus-teil-1-der-raumteiler-deluxe-aus-polyrattan\/#primaryimage"},"image":{"@id":"https:\/\/www.eastwest-trading.de\/blog\/im-fokus\/im-fokus-teil-1-der-raumteiler-deluxe-aus-polyrattan\/#primaryimage"},"thumbnailUrl":"https:\/\/www.eastwest-trading.de\/blog\/wp-content\/uploads\/2013\/01\/Raumteiler_luxus1-300x200.jpg","datePublished":"2013-01-19T12:17:26+00:00","dateModified":"2018-03-22T09:16:04+00:00","breadcrumb":{"@id":"https:\/\/www.eastwest-trading.de\/blog\/im-fokus\/im-fokus-teil-1-der-raumteiler-deluxe-aus-polyrattan\/#breadcrumb"},"inLanguage":"de","potentialAction":[{"@type":"ReadAction","target":["https:\/\/www.eastwest-trading.de\/blog\/im-fokus\/im-fokus-teil-1-der-raumteiler-deluxe-aus-polyrattan\/"]}]},{"@type":"ImageObject","inLanguage":"de","@id":"https:\/\/www.eastwest-trading.de\/blog\/im-fokus\/im-fokus-teil-1-der-raumteiler-deluxe-aus-polyrattan\/#primaryimage","url":"https:\/\/www.eastwest-trading.de\/blog\/wp-content\/uploads\/2013\/01\/Raumteiler_luxus1-300x200.jpg","contentUrl":"https:\/\/www.eastwest-trading.de\/blog\/wp-content\/uploads\/2013\/01\/Raumteiler_luxus1-300x200.jpg"},{"@type":"BreadcrumbList","@id":"https:\/\/www.eastwest-trading.de\/blog\/im-fokus\/im-fokus-teil-1-der-raumteiler-deluxe-aus-polyrattan\/#breadcrumb","itemListElement":[{"@type":"ListItem","position":1,"name":"Home","item":"https:\/\/www.eastwest-trading.de\/blog\/"},{"@type":"ListItem","position":2,"name":"Im Fokus (Teil 1): der Raumteiler DELUXE aus Polyrattan"}]},{"@type":"WebSite","@id":"https:\/\/www.eastwest-trading.de\/blog\/#website","url":"https:\/\/www.eastwest-trading.de\/blog\/","name":"Eastwest Trading","description":"","publisher":{"@id":"https:\/\/www.eastwest-trading.de\/blog\/#organization"},"potentialAction":[{"@type":"SearchAction","target":{"@type":"EntryPoint","urlTemplate":"https:\/\/www.eastwest-trading.de\/blog\/?s={search_term_string}"},"query-input":{"@type":"PropertyValueSpecification","valueRequired":true,"valueName":"search_term_string"}}],"inLanguage":"de"},{"@type":"Organization","@id":"https:\/\/www.eastwest-trading.de\/blog\/#organization","name":"Gartenpflege Tipps & Ideen","url":"https:\/\/www.eastwest-trading.de\/blog\/","logo":{"@type":"ImageObject","inLanguage":"de","@id":"https:\/\/www.eastwest-trading.de\/blog\/#\/schema\/logo\/image\/","url":"https:\/\/www.eastwest-trading.de\/blog\/wp-content\/uploads\/2017\/09\/eastwest-trading-logo-schoener-leben-mit-pflanzkuebeln.png","contentUrl":"https:\/\/www.eastwest-trading.de\/blog\/wp-content\/uploads\/2017\/09\/eastwest-trading-logo-schoener-leben-mit-pflanzkuebeln.png","width":290,"height":102,"caption":"Gartenpflege Tipps & Ideen"},"image":{"@id":"https:\/\/www.eastwest-trading.de\/blog\/#\/schema\/logo\/image\/"},"sameAs":["https:\/\/www.facebook.com\/EastwestTrading.Pflanzkuebel\/"]},{"@type":"Person","@id":"https:\/\/www.eastwest-trading.de\/blog\/#\/schema\/person\/91fc85a47b32465d8c1f3593d019f7f3","name":"Stephan","image":{"@type":"ImageObject","inLanguage":"de","@id":"https:\/\/secure.gravatar.com\/avatar\/e10e6ef4907f2b0e0e3eb2c76a118639d1e851599fdccec21fa6966e66dc8153?s=96&d=mm&r=g","url":"https:\/\/secure.gravatar.com\/avatar\/e10e6ef4907f2b0e0e3eb2c76a118639d1e851599fdccec21fa6966e66dc8153?s=96&d=mm&r=g","contentUrl":"https:\/\/secure.gravatar.com\/avatar\/e10e6ef4907f2b0e0e3eb2c76a118639d1e851599fdccec21fa6966e66dc8153?s=96&d=mm&r=g","caption":"Stephan"},"url":"https:\/\/www.eastwest-trading.de\/blog\/author\/stephan\/"}]}},"_links":{"self":[{"href":"https:\/\/www.eastwest-trading.de\/blog\/wp-json\/wp\/v2\/posts\/956","targetHints":{"allow":["GET"]}}],"collection":[{"href":"https:\/\/www.eastwest-trading.de\/blog\/wp-json\/wp\/v2\/posts"}],"about":[{"href":"https:\/\/www.eastwest-trading.de\/blog\/wp-json\/wp\/v2\/types\/post"}],"author":[{"embeddable":true,"href":"https:\/\/www.eastwest-trading.de\/blog\/wp-json\/wp\/v2\/users\/2"}],"replies":[{"embeddable":true,"href":"https:\/\/www.eastwest-trading.de\/blog\/wp-json\/wp\/v2\/comments?post=956"}],"version-history":[{"count":7,"href":"https:\/\/www.eastwest-trading.de\/blog\/wp-json\/wp\/v2\/posts\/956\/revisions"}],"predecessor-version":[{"id":3820,"href":"https:\/\/www.eastwest-trading.de\/blog\/wp-json\/wp\/v2\/posts\/956\/revisions\/3820"}],"wp:attachment":[{"href":"https:\/\/www.eastwest-trading.de\/blog\/wp-json\/wp\/v2\/media?parent=956"}],"wp:term":[{"taxonomy":"category","embeddable":true,"href":"https:\/\/www.eastwest-trading.de\/blog\/wp-json\/wp\/v2\/categories?post=956"},{"taxonomy":"post_tag","embeddable":true,"href":"https:\/\/www.eastwest-trading.de\/blog\/wp-json\/wp\/v2\/tags?post=956"}],"curies":[{"name":"wp","href":"https:\/\/api.w.org\/{rel}","templated":true}]}}