{"id":4003,"date":"2018-09-04T17:10:23","date_gmt":"2018-09-04T16:10:23","guid":{"rendered":"https:\/\/www.eastwest-trading.de\/blog\/?p=4003"},"modified":"2025-06-22T16:49:38","modified_gmt":"2025-06-22T15:49:38","slug":"gartenarbeit-im-september-jetzt-wird-der-garten-herbstfest-gemacht","status":"publish","type":"post","link":"https:\/\/www.eastwest-trading.de\/blog\/gartenpflege\/gartenarbeit-im-september-jetzt-wird-der-garten-herbstfest-gemacht\/","title":{"rendered":"Gartenarbeit im September: Jetzt wird der Garten herbstfest gemacht"},"content":{"rendered":"<article class=\"entry-content\"><p>Wir verabschieden uns vom Sommer \u2013 der September ist da und damit beginnt die Zeit des Sp\u00e4tsommers und der Herbst h\u00e4lt Einzug in den heimischen Garten. Zur wichtigsten <strong>Gartenarbeit im September<\/strong> geh\u00f6rt jetzt die Rasenpflege. Ein letztes Mal muss das gepflegte Gr\u00fcn und die <a href=\"https:\/\/www.eastwest-trading.de\/pflanzkuebel\/\">Pflanzk\u00fcbel<\/a> vor dem Winter vertikutiert werden. Rasenfilz und Unkraut verschwinden und ein kaliumhaltiger D\u00fcnger bessert kahle Stellen aus. Sobald das erste Laub f\u00e4llt, entfernen Sie es regelm\u00e4\u00dfig vom Rasen. Sicher haben sie noch frischen Rasenschnitt \u00fcber? Den verwenden sie entweder zur Abdeckung von Beeten oder lassen ihn in einem Plastiksack einige Wochen an einem sonnigen Ort stehen. So entsteht daraus ein wunderbarer Mulch. Wer sich auch im n\u00e4chsten Fr\u00fchjahr \u00fcber die ersten Fr\u00fchlingsboten, wie Krokusse, Tulpen, Narzissen oder Schneegl\u00f6ckchen freuen m\u00f6chte, setzt die Zwiebeln daf\u00fcr in Drahtgeflechten in den Gartenboden. Der Drahtkorb sch\u00fctzt vor hungrigen W\u00fchlm\u00e4usen.<\/p>\n<h2>Der September geh\u00f6rt den B\u00e4umen und Str\u00e4uchern<\/h2>\n<p>Dieser Monat ist im Gartenkalender gepr\u00e4gt von <strong>Arbeiten an Geh\u00f6lzen<\/strong>. Ziergeh\u00f6lze und Obstb\u00e4ume werden jetzt gepflanzt. Eng stehende Nadelb\u00e4ume wie Elben, Scheinzypressen oder Koniferen m\u00fcssen umgepflanzt werden. Nicht vergessen Leimringe gegen den Frostspanner um den Stamm von Geh\u00f6lzen zu wickeln. Zarte Geh\u00f6lze brauchen Schutz vor dem ersten Herbststurm und sollten mit kleinen St\u00fctzpfeilern stabilisiert werden. Kletterrosen, Rankpflanzen und Schlinger haben sich \u00fcber den Sommer reichlich vergr\u00f6\u00dfert. <strong>Anbinde-Draht<\/strong> kann jetzt an einigen Stellen zu eng geworden sein und muss gelockert werden. Thuja, Liguster und Buchsbaum bekommen den letzten Schnitt. Aber nur einen schonenden<strong> Form- <\/strong>und<strong> Pflegeschnitt<\/strong>, damit die V\u00f6gel in der Nist- und Brutzeit bis Ende September nicht gest\u00f6rt werden. F\u00fcr leuchtende Farben im <strong>Staudenbeet<\/strong> sorgen im September trotz weniger Sonnenstunden und sinkender Temperaturen vor allem Sonnenhut, Goldrute, Astern, Hohe Fetthenne oder Stauden-Sonnenblumen. Nach der Bl\u00fcte m\u00fcssen Gartenliebhaber einen radikalen R\u00fcckschnitt durchf\u00fchren. Alle 5-7 Jahre werden die Stauden geteilt und in frischem Humus eingepflanzt. Im noch warmen Boden k\u00f6nnen die Wurzeln sehr gut wachsen und die Pflanze \u00fcber den Winter genug Kraft sammeln, um sich im n\u00e4chsten Fr\u00fchling zu zeigen.<\/p>\n<h2>Haupterntezeit neigt sich im September dem Ende zu<\/h2>\n<p>Der Obstgarten bietet jetzt reichlich Abwechslung und Gartenbesitzer haben viel zu tun. \u00c4pfel, Birnen und Spalierobst muss <strong>geerntet<\/strong> und f\u00fcrs Lagern vorbereitet werden. Hagebutten werden zu Gelee oder Marmelade gekocht oder verbleiben an den Wildrosen als Futter f\u00fcr die heimischen Gartenv\u00f6gel. Der <strong>Gem\u00fcsegarten <\/strong>wird abgeerntet und Kopfsalate aber auch Tomaten, Gurken und Paprika brauchen <strong>Frostschutz<\/strong> am Abend. Verf\u00e4rbt sich das Laub gegen Ende September gelb, m\u00fcssen die Kartoffeln aus dem Boden. Sie werden bei maximalen Temperaturen von 8 Grad Celsius locker aufgesch\u00fcttet dunkel und trocken eingelagert. Zwiebeln m\u00fcssen auf jeden Fall geerntet werden, auch wenn das Laub noch nicht vergilbt ist. Sonst treibt die Pflanze neu aus. Frostunempfindliches Gem\u00fcse wie Kohl, K\u00fcrbisse oder Sellerie verbleibt bis zur Ernte auf dem Beet. Meerrettich, Spinat, Feldsalat, Radieschen und Schwarzwurzeln k\u00f6nnen im September <strong>neu gepflanzt<\/strong> werden. Gro\u00dfe Exemplare von R\u00fcben sind erntereif ab ca. dem 7. September. Dann beginnt die gro\u00dfe \u201eR\u00fcbenkampagne\u201c f\u00fcr Zuckerr\u00fcben. Sind Rote Beete und Rettich noch nicht voll ausgereift, pflanzen Sie sie am besten ins <strong>Hochbeet<\/strong>. Dort ist die Chance am gr\u00f6\u00dften, dass sie noch in diesem Monat erntereif werden. Auch ist das Hochbeet ein geeigneter Ort, wenn schlechtes Wetter die Gem\u00fcseernte im September bedroht.<\/p>\n<h2>Im Ziergarten warten Rosen auf D\u00fcnger<\/h2>\n<p>Bart-Iris oder Rittersporn sind bl\u00fchfaule Sommerstauden. Sie bekommen im September einen radikalen <strong>R\u00fcckschnitt<\/strong> und werden dann an den Knollen geteilt. <strong>Verbl\u00fchte<\/strong> <strong>Bl\u00fctenst\u00e4nde<\/strong> regelm\u00e4\u00dfig entfernen und die \u00f6fter bl\u00fchenden Rosen ausputzen. Ein letztes Mal erhalten die Rosen speziellen <strong>D\u00fcnger<\/strong> mit Kalium und Magnesium. Reifer <strong>Kompost<\/strong>, der \u00fcbrig ist, wird jetzt nicht mehr ben\u00f6tigt. Er muss <strong>umgeschichtet<\/strong> werden und dabei wird der Humus abgesiebt. Danach mit frischem Gr\u00fcnschnitt und einem Kompoststarter f\u00fcr neuen Kompost im n\u00e4chsten Jahr sorgen.<\/p>\n<p><strong>Igel <\/strong>und andere<strong> N\u00fctzlinge<\/strong> freuen sich \u00fcber ein <strong>Winterquartier<\/strong> in Ihrem Garten. Sorgen Sie f\u00fcr ausreichend Unterschlupf mit einem Reisighaufen oder Holzstapel. Auch ein Igelhaus ist bei den n\u00fctzlichen Tierchen willkommen. Das k\u00f6nnen Sie ganz einfach aus Holz (Obstkiste aus Holz) und mit einer Anleitung aus dem Internet selber bauen. Aber bitte nicht einfach Laub aufh\u00e4ufen. Es sackt bei Regen zusammen und bietet dem Igel keinen Schutz mehr.<\/p>\n<\/article>","protected":false},"excerpt":{"rendered":"<p>Wir verabschieden uns vom Sommer \u2013 der September ist da und damit beginnt die Zeit des Sp\u00e4tsommers und der Herbst h\u00e4lt Einzug in den&#8230;<\/p>\n","protected":false},"author":2,"featured_media":4010,"comment_status":"open","ping_status":"open","sticky":false,"template":"","format":"standard","meta":{"footnotes":""},"categories":[600],"tags":[8,21,451,425],"class_list":["post-4003","post","type-post","status-publish","format-standard","has-post-thumbnail","hentry","category-gartenpflege","tag-blumen","tag-garten","tag-gartenarbeit","tag-hochbeet","post-item","post-even"],"yoast_head":"<!-- This site is optimized with the Yoast SEO plugin v27.5 - https:\/\/yoast.com\/product\/yoast-seo-wordpress\/ -->\n<title>Gartenarbeit im September: Jetzt wird der Garten herbstfest gemacht - Gartenpflege Tipps &amp; Ideen<\/title>\n<meta name=\"robots\" content=\"index, follow, max-snippet:-1, max-image-preview:large, max-video-preview:-1\" \/>\n<link rel=\"canonical\" href=\"https:\/\/www.eastwest-trading.de\/blog\/gartenpflege\/gartenarbeit-im-september-jetzt-wird-der-garten-herbstfest-gemacht\/\" \/>\n<meta property=\"og:locale\" content=\"de_DE\" \/>\n<meta property=\"og:type\" content=\"article\" \/>\n<meta property=\"og:title\" content=\"Gartenarbeit im September: Jetzt wird der Garten herbstfest gemacht - Gartenpflege Tipps &amp; Ideen\" \/>\n<meta property=\"og:description\" content=\"Wir verabschieden uns vom Sommer \u2013 der September ist da und damit beginnt die Zeit des Sp\u00e4tsommers und der Herbst h\u00e4lt Einzug in den...\" \/>\n<meta property=\"og:url\" content=\"https:\/\/www.eastwest-trading.de\/blog\/gartenpflege\/gartenarbeit-im-september-jetzt-wird-der-garten-herbstfest-gemacht\/\" \/>\n<meta property=\"og:site_name\" content=\"Gartenpflege Tipps &amp; Ideen\" \/>\n<meta property=\"article:publisher\" content=\"https:\/\/www.facebook.com\/EastwestTrading.Pflanzkuebel\/\" \/>\n<meta property=\"article:published_time\" content=\"2018-09-04T16:10:23+00:00\" \/>\n<meta property=\"article:modified_time\" content=\"2025-06-22T15:49:38+00:00\" \/>\n<meta property=\"og:image\" content=\"https:\/\/www.eastwest-trading.de\/blog\/wp-content\/uploads\/2018\/09\/Gartenarbeit-im-September.jpg\" \/>\n\t<meta property=\"og:image:width\" content=\"1920\" \/>\n\t<meta property=\"og:image:height\" content=\"1281\" \/>\n\t<meta property=\"og:image:type\" content=\"image\/jpeg\" \/>\n<meta name=\"author\" content=\"Stephan\" \/>\n<meta name=\"twitter:label1\" content=\"Verfasst von\" \/>\n\t<meta name=\"twitter:data1\" content=\"Stephan\" \/>\n\t<meta name=\"twitter:label2\" content=\"Gesch\u00e4tzte Lesezeit\" \/>\n\t<meta name=\"twitter:data2\" content=\"4\u00a0Minuten\" \/>\n<script type=\"application\/ld+json\" class=\"yoast-schema-graph\">{\"@context\":\"https:\\\/\\\/schema.org\",\"@graph\":[{\"@type\":\"Article\",\"@id\":\"https:\\\/\\\/www.eastwest-trading.de\\\/blog\\\/gartenpflege\\\/gartenarbeit-im-september-jetzt-wird-der-garten-herbstfest-gemacht\\\/#article\",\"isPartOf\":{\"@id\":\"https:\\\/\\\/www.eastwest-trading.de\\\/blog\\\/gartenpflege\\\/gartenarbeit-im-september-jetzt-wird-der-garten-herbstfest-gemacht\\\/\"},\"author\":{\"name\":\"Stephan\",\"@id\":\"https:\\\/\\\/www.eastwest-trading.de\\\/blog\\\/#\\\/schema\\\/person\\\/91fc85a47b32465d8c1f3593d019f7f3\"},\"headline\":\"Gartenarbeit im September: Jetzt wird der Garten herbstfest gemacht\",\"datePublished\":\"2018-09-04T16:10:23+00:00\",\"dateModified\":\"2025-06-22T15:49:38+00:00\",\"mainEntityOfPage\":{\"@id\":\"https:\\\/\\\/www.eastwest-trading.de\\\/blog\\\/gartenpflege\\\/gartenarbeit-im-september-jetzt-wird-der-garten-herbstfest-gemacht\\\/\"},\"wordCount\":763,\"commentCount\":0,\"publisher\":{\"@id\":\"https:\\\/\\\/www.eastwest-trading.de\\\/blog\\\/#organization\"},\"image\":{\"@id\":\"https:\\\/\\\/www.eastwest-trading.de\\\/blog\\\/gartenpflege\\\/gartenarbeit-im-september-jetzt-wird-der-garten-herbstfest-gemacht\\\/#primaryimage\"},\"thumbnailUrl\":\"https:\\\/\\\/www.eastwest-trading.de\\\/blog\\\/wp-content\\\/uploads\\\/2018\\\/09\\\/Gartenarbeit-im-September.jpg\",\"keywords\":[\"Blumen\",\"Garten\",\"Gartenarbeit\",\"Hochbeet\"],\"articleSection\":[\"Gartenpflege\"],\"inLanguage\":\"de\",\"potentialAction\":[{\"@type\":\"CommentAction\",\"name\":\"Comment\",\"target\":[\"https:\\\/\\\/www.eastwest-trading.de\\\/blog\\\/gartenpflege\\\/gartenarbeit-im-september-jetzt-wird-der-garten-herbstfest-gemacht\\\/#respond\"]}]},{\"@type\":\"WebPage\",\"@id\":\"https:\\\/\\\/www.eastwest-trading.de\\\/blog\\\/gartenpflege\\\/gartenarbeit-im-september-jetzt-wird-der-garten-herbstfest-gemacht\\\/\",\"url\":\"https:\\\/\\\/www.eastwest-trading.de\\\/blog\\\/gartenpflege\\\/gartenarbeit-im-september-jetzt-wird-der-garten-herbstfest-gemacht\\\/\",\"name\":\"Gartenarbeit im September: Jetzt wird der Garten herbstfest gemacht - Gartenpflege Tipps &amp; Ideen\",\"isPartOf\":{\"@id\":\"https:\\\/\\\/www.eastwest-trading.de\\\/blog\\\/#website\"},\"primaryImageOfPage\":{\"@id\":\"https:\\\/\\\/www.eastwest-trading.de\\\/blog\\\/gartenpflege\\\/gartenarbeit-im-september-jetzt-wird-der-garten-herbstfest-gemacht\\\/#primaryimage\"},\"image\":{\"@id\":\"https:\\\/\\\/www.eastwest-trading.de\\\/blog\\\/gartenpflege\\\/gartenarbeit-im-september-jetzt-wird-der-garten-herbstfest-gemacht\\\/#primaryimage\"},\"thumbnailUrl\":\"https:\\\/\\\/www.eastwest-trading.de\\\/blog\\\/wp-content\\\/uploads\\\/2018\\\/09\\\/Gartenarbeit-im-September.jpg\",\"datePublished\":\"2018-09-04T16:10:23+00:00\",\"dateModified\":\"2025-06-22T15:49:38+00:00\",\"breadcrumb\":{\"@id\":\"https:\\\/\\\/www.eastwest-trading.de\\\/blog\\\/gartenpflege\\\/gartenarbeit-im-september-jetzt-wird-der-garten-herbstfest-gemacht\\\/#breadcrumb\"},\"inLanguage\":\"de\",\"potentialAction\":[{\"@type\":\"ReadAction\",\"target\":[\"https:\\\/\\\/www.eastwest-trading.de\\\/blog\\\/gartenpflege\\\/gartenarbeit-im-september-jetzt-wird-der-garten-herbstfest-gemacht\\\/\"]}]},{\"@type\":\"ImageObject\",\"inLanguage\":\"de\",\"@id\":\"https:\\\/\\\/www.eastwest-trading.de\\\/blog\\\/gartenpflege\\\/gartenarbeit-im-september-jetzt-wird-der-garten-herbstfest-gemacht\\\/#primaryimage\",\"url\":\"https:\\\/\\\/www.eastwest-trading.de\\\/blog\\\/wp-content\\\/uploads\\\/2018\\\/09\\\/Gartenarbeit-im-September.jpg\",\"contentUrl\":\"https:\\\/\\\/www.eastwest-trading.de\\\/blog\\\/wp-content\\\/uploads\\\/2018\\\/09\\\/Gartenarbeit-im-September.jpg\",\"width\":1920,\"height\":1281,\"caption\":\"Gartenarbeit im September\"},{\"@type\":\"BreadcrumbList\",\"@id\":\"https:\\\/\\\/www.eastwest-trading.de\\\/blog\\\/gartenpflege\\\/gartenarbeit-im-september-jetzt-wird-der-garten-herbstfest-gemacht\\\/#breadcrumb\",\"itemListElement\":[{\"@type\":\"ListItem\",\"position\":1,\"name\":\"Home\",\"item\":\"https:\\\/\\\/www.eastwest-trading.de\\\/blog\\\/\"},{\"@type\":\"ListItem\",\"position\":2,\"name\":\"Gartenarbeit im September: Jetzt wird der Garten herbstfest gemacht\"}]},{\"@type\":\"WebSite\",\"@id\":\"https:\\\/\\\/www.eastwest-trading.de\\\/blog\\\/#website\",\"url\":\"https:\\\/\\\/www.eastwest-trading.de\\\/blog\\\/\",\"name\":\"Eastwest Trading\",\"description\":\"\",\"publisher\":{\"@id\":\"https:\\\/\\\/www.eastwest-trading.de\\\/blog\\\/#organization\"},\"potentialAction\":[{\"@type\":\"SearchAction\",\"target\":{\"@type\":\"EntryPoint\",\"urlTemplate\":\"https:\\\/\\\/www.eastwest-trading.de\\\/blog\\\/?s={search_term_string}\"},\"query-input\":{\"@type\":\"PropertyValueSpecification\",\"valueRequired\":true,\"valueName\":\"search_term_string\"}}],\"inLanguage\":\"de\"},{\"@type\":\"Organization\",\"@id\":\"https:\\\/\\\/www.eastwest-trading.de\\\/blog\\\/#organization\",\"name\":\"Gartenpflege Tipps & Ideen\",\"url\":\"https:\\\/\\\/www.eastwest-trading.de\\\/blog\\\/\",\"logo\":{\"@type\":\"ImageObject\",\"inLanguage\":\"de\",\"@id\":\"https:\\\/\\\/www.eastwest-trading.de\\\/blog\\\/#\\\/schema\\\/logo\\\/image\\\/\",\"url\":\"https:\\\/\\\/www.eastwest-trading.de\\\/blog\\\/wp-content\\\/uploads\\\/2017\\\/09\\\/eastwest-trading-logo-schoener-leben-mit-pflanzkuebeln.png\",\"contentUrl\":\"https:\\\/\\\/www.eastwest-trading.de\\\/blog\\\/wp-content\\\/uploads\\\/2017\\\/09\\\/eastwest-trading-logo-schoener-leben-mit-pflanzkuebeln.png\",\"width\":290,\"height\":102,\"caption\":\"Gartenpflege Tipps & Ideen\"},\"image\":{\"@id\":\"https:\\\/\\\/www.eastwest-trading.de\\\/blog\\\/#\\\/schema\\\/logo\\\/image\\\/\"},\"sameAs\":[\"https:\\\/\\\/www.facebook.com\\\/EastwestTrading.Pflanzkuebel\\\/\"]},{\"@type\":\"Person\",\"@id\":\"https:\\\/\\\/www.eastwest-trading.de\\\/blog\\\/#\\\/schema\\\/person\\\/91fc85a47b32465d8c1f3593d019f7f3\",\"name\":\"Stephan\",\"image\":{\"@type\":\"ImageObject\",\"inLanguage\":\"de\",\"@id\":\"https:\\\/\\\/secure.gravatar.com\\\/avatar\\\/e10e6ef4907f2b0e0e3eb2c76a118639d1e851599fdccec21fa6966e66dc8153?s=96&d=mm&r=g\",\"url\":\"https:\\\/\\\/secure.gravatar.com\\\/avatar\\\/e10e6ef4907f2b0e0e3eb2c76a118639d1e851599fdccec21fa6966e66dc8153?s=96&d=mm&r=g\",\"contentUrl\":\"https:\\\/\\\/secure.gravatar.com\\\/avatar\\\/e10e6ef4907f2b0e0e3eb2c76a118639d1e851599fdccec21fa6966e66dc8153?s=96&d=mm&r=g\",\"caption\":\"Stephan\"},\"url\":\"https:\\\/\\\/www.eastwest-trading.de\\\/blog\\\/author\\\/stephan\\\/\"}]}<\/script>\n<!-- \/ Yoast SEO plugin. -->","yoast_head_json":{"title":"Gartenarbeit im September: Jetzt wird der Garten herbstfest gemacht - Gartenpflege Tipps &amp; Ideen","robots":{"index":"index","follow":"follow","max-snippet":"max-snippet:-1","max-image-preview":"max-image-preview:large","max-video-preview":"max-video-preview:-1"},"canonical":"https:\/\/www.eastwest-trading.de\/blog\/gartenpflege\/gartenarbeit-im-september-jetzt-wird-der-garten-herbstfest-gemacht\/","og_locale":"de_DE","og_type":"article","og_title":"Gartenarbeit im September: Jetzt wird der Garten herbstfest gemacht - Gartenpflege Tipps &amp; Ideen","og_description":"Wir verabschieden uns vom Sommer \u2013 der September ist da und damit beginnt die Zeit des Sp\u00e4tsommers und der Herbst h\u00e4lt Einzug in den...","og_url":"https:\/\/www.eastwest-trading.de\/blog\/gartenpflege\/gartenarbeit-im-september-jetzt-wird-der-garten-herbstfest-gemacht\/","og_site_name":"Gartenpflege Tipps &amp; Ideen","article_publisher":"https:\/\/www.facebook.com\/EastwestTrading.Pflanzkuebel\/","article_published_time":"2018-09-04T16:10:23+00:00","article_modified_time":"2025-06-22T15:49:38+00:00","og_image":[{"width":1920,"height":1281,"url":"https:\/\/www.eastwest-trading.de\/blog\/wp-content\/uploads\/2018\/09\/Gartenarbeit-im-September.jpg","type":"image\/jpeg"}],"author":"Stephan","twitter_misc":{"Verfasst von":"Stephan","Gesch\u00e4tzte Lesezeit":"4\u00a0Minuten"},"schema":{"@context":"https:\/\/schema.org","@graph":[{"@type":"Article","@id":"https:\/\/www.eastwest-trading.de\/blog\/gartenpflege\/gartenarbeit-im-september-jetzt-wird-der-garten-herbstfest-gemacht\/#article","isPartOf":{"@id":"https:\/\/www.eastwest-trading.de\/blog\/gartenpflege\/gartenarbeit-im-september-jetzt-wird-der-garten-herbstfest-gemacht\/"},"author":{"name":"Stephan","@id":"https:\/\/www.eastwest-trading.de\/blog\/#\/schema\/person\/91fc85a47b32465d8c1f3593d019f7f3"},"headline":"Gartenarbeit im September: Jetzt wird der Garten herbstfest gemacht","datePublished":"2018-09-04T16:10:23+00:00","dateModified":"2025-06-22T15:49:38+00:00","mainEntityOfPage":{"@id":"https:\/\/www.eastwest-trading.de\/blog\/gartenpflege\/gartenarbeit-im-september-jetzt-wird-der-garten-herbstfest-gemacht\/"},"wordCount":763,"commentCount":0,"publisher":{"@id":"https:\/\/www.eastwest-trading.de\/blog\/#organization"},"image":{"@id":"https:\/\/www.eastwest-trading.de\/blog\/gartenpflege\/gartenarbeit-im-september-jetzt-wird-der-garten-herbstfest-gemacht\/#primaryimage"},"thumbnailUrl":"https:\/\/www.eastwest-trading.de\/blog\/wp-content\/uploads\/2018\/09\/Gartenarbeit-im-September.jpg","keywords":["Blumen","Garten","Gartenarbeit","Hochbeet"],"articleSection":["Gartenpflege"],"inLanguage":"de","potentialAction":[{"@type":"CommentAction","name":"Comment","target":["https:\/\/www.eastwest-trading.de\/blog\/gartenpflege\/gartenarbeit-im-september-jetzt-wird-der-garten-herbstfest-gemacht\/#respond"]}]},{"@type":"WebPage","@id":"https:\/\/www.eastwest-trading.de\/blog\/gartenpflege\/gartenarbeit-im-september-jetzt-wird-der-garten-herbstfest-gemacht\/","url":"https:\/\/www.eastwest-trading.de\/blog\/gartenpflege\/gartenarbeit-im-september-jetzt-wird-der-garten-herbstfest-gemacht\/","name":"Gartenarbeit im September: Jetzt wird der Garten herbstfest gemacht - Gartenpflege Tipps &amp; Ideen","isPartOf":{"@id":"https:\/\/www.eastwest-trading.de\/blog\/#website"},"primaryImageOfPage":{"@id":"https:\/\/www.eastwest-trading.de\/blog\/gartenpflege\/gartenarbeit-im-september-jetzt-wird-der-garten-herbstfest-gemacht\/#primaryimage"},"image":{"@id":"https:\/\/www.eastwest-trading.de\/blog\/gartenpflege\/gartenarbeit-im-september-jetzt-wird-der-garten-herbstfest-gemacht\/#primaryimage"},"thumbnailUrl":"https:\/\/www.eastwest-trading.de\/blog\/wp-content\/uploads\/2018\/09\/Gartenarbeit-im-September.jpg","datePublished":"2018-09-04T16:10:23+00:00","dateModified":"2025-06-22T15:49:38+00:00","breadcrumb":{"@id":"https:\/\/www.eastwest-trading.de\/blog\/gartenpflege\/gartenarbeit-im-september-jetzt-wird-der-garten-herbstfest-gemacht\/#breadcrumb"},"inLanguage":"de","potentialAction":[{"@type":"ReadAction","target":["https:\/\/www.eastwest-trading.de\/blog\/gartenpflege\/gartenarbeit-im-september-jetzt-wird-der-garten-herbstfest-gemacht\/"]}]},{"@type":"ImageObject","inLanguage":"de","@id":"https:\/\/www.eastwest-trading.de\/blog\/gartenpflege\/gartenarbeit-im-september-jetzt-wird-der-garten-herbstfest-gemacht\/#primaryimage","url":"https:\/\/www.eastwest-trading.de\/blog\/wp-content\/uploads\/2018\/09\/Gartenarbeit-im-September.jpg","contentUrl":"https:\/\/www.eastwest-trading.de\/blog\/wp-content\/uploads\/2018\/09\/Gartenarbeit-im-September.jpg","width":1920,"height":1281,"caption":"Gartenarbeit im September"},{"@type":"BreadcrumbList","@id":"https:\/\/www.eastwest-trading.de\/blog\/gartenpflege\/gartenarbeit-im-september-jetzt-wird-der-garten-herbstfest-gemacht\/#breadcrumb","itemListElement":[{"@type":"ListItem","position":1,"name":"Home","item":"https:\/\/www.eastwest-trading.de\/blog\/"},{"@type":"ListItem","position":2,"name":"Gartenarbeit im September: Jetzt wird der Garten herbstfest gemacht"}]},{"@type":"WebSite","@id":"https:\/\/www.eastwest-trading.de\/blog\/#website","url":"https:\/\/www.eastwest-trading.de\/blog\/","name":"Eastwest Trading","description":"","publisher":{"@id":"https:\/\/www.eastwest-trading.de\/blog\/#organization"},"potentialAction":[{"@type":"SearchAction","target":{"@type":"EntryPoint","urlTemplate":"https:\/\/www.eastwest-trading.de\/blog\/?s={search_term_string}"},"query-input":{"@type":"PropertyValueSpecification","valueRequired":true,"valueName":"search_term_string"}}],"inLanguage":"de"},{"@type":"Organization","@id":"https:\/\/www.eastwest-trading.de\/blog\/#organization","name":"Gartenpflege Tipps & Ideen","url":"https:\/\/www.eastwest-trading.de\/blog\/","logo":{"@type":"ImageObject","inLanguage":"de","@id":"https:\/\/www.eastwest-trading.de\/blog\/#\/schema\/logo\/image\/","url":"https:\/\/www.eastwest-trading.de\/blog\/wp-content\/uploads\/2017\/09\/eastwest-trading-logo-schoener-leben-mit-pflanzkuebeln.png","contentUrl":"https:\/\/www.eastwest-trading.de\/blog\/wp-content\/uploads\/2017\/09\/eastwest-trading-logo-schoener-leben-mit-pflanzkuebeln.png","width":290,"height":102,"caption":"Gartenpflege Tipps & Ideen"},"image":{"@id":"https:\/\/www.eastwest-trading.de\/blog\/#\/schema\/logo\/image\/"},"sameAs":["https:\/\/www.facebook.com\/EastwestTrading.Pflanzkuebel\/"]},{"@type":"Person","@id":"https:\/\/www.eastwest-trading.de\/blog\/#\/schema\/person\/91fc85a47b32465d8c1f3593d019f7f3","name":"Stephan","image":{"@type":"ImageObject","inLanguage":"de","@id":"https:\/\/secure.gravatar.com\/avatar\/e10e6ef4907f2b0e0e3eb2c76a118639d1e851599fdccec21fa6966e66dc8153?s=96&d=mm&r=g","url":"https:\/\/secure.gravatar.com\/avatar\/e10e6ef4907f2b0e0e3eb2c76a118639d1e851599fdccec21fa6966e66dc8153?s=96&d=mm&r=g","contentUrl":"https:\/\/secure.gravatar.com\/avatar\/e10e6ef4907f2b0e0e3eb2c76a118639d1e851599fdccec21fa6966e66dc8153?s=96&d=mm&r=g","caption":"Stephan"},"url":"https:\/\/www.eastwest-trading.de\/blog\/author\/stephan\/"}]}},"_links":{"self":[{"href":"https:\/\/www.eastwest-trading.de\/blog\/wp-json\/wp\/v2\/posts\/4003","targetHints":{"allow":["GET"]}}],"collection":[{"href":"https:\/\/www.eastwest-trading.de\/blog\/wp-json\/wp\/v2\/posts"}],"about":[{"href":"https:\/\/www.eastwest-trading.de\/blog\/wp-json\/wp\/v2\/types\/post"}],"author":[{"embeddable":true,"href":"https:\/\/www.eastwest-trading.de\/blog\/wp-json\/wp\/v2\/users\/2"}],"replies":[{"embeddable":true,"href":"https:\/\/www.eastwest-trading.de\/blog\/wp-json\/wp\/v2\/comments?post=4003"}],"version-history":[{"count":9,"href":"https:\/\/www.eastwest-trading.de\/blog\/wp-json\/wp\/v2\/posts\/4003\/revisions"}],"predecessor-version":[{"id":5038,"href":"https:\/\/www.eastwest-trading.de\/blog\/wp-json\/wp\/v2\/posts\/4003\/revisions\/5038"}],"wp:featuredmedia":[{"embeddable":true,"href":"https:\/\/www.eastwest-trading.de\/blog\/wp-json\/wp\/v2\/media\/4010"}],"wp:attachment":[{"href":"https:\/\/www.eastwest-trading.de\/blog\/wp-json\/wp\/v2\/media?parent=4003"}],"wp:term":[{"taxonomy":"category","embeddable":true,"href":"https:\/\/www.eastwest-trading.de\/blog\/wp-json\/wp\/v2\/categories?post=4003"},{"taxonomy":"post_tag","embeddable":true,"href":"https:\/\/www.eastwest-trading.de\/blog\/wp-json\/wp\/v2\/tags?post=4003"}],"curies":[{"name":"wp","href":"https:\/\/api.w.org\/{rel}","templated":true}]}}