{"id":3745,"date":"2018-02-13T17:20:59","date_gmt":"2018-02-13T16:20:59","guid":{"rendered":"https:\/\/www.eastwest-trading.de\/blog\/?p=3745"},"modified":"2025-06-23T06:16:49","modified_gmt":"2025-06-23T05:16:49","slug":"landesgartenschau-in-bayern-baden-wuerttemberg","status":"publish","type":"post","link":"https:\/\/www.eastwest-trading.de\/blog\/news\/landesgartenschau-in-bayern-baden-wuerttemberg\/","title":{"rendered":"Landesgartenschau in Bayern &#038; Baden-W\u00fcrttemberg"},"content":{"rendered":"<article class=\"entry-content\"><p>Die<strong> Landesgartenschau in Deutschland<\/strong> sind verh\u00e4ltnism\u00e4\u00dfig junge Ereignisse. Aufgrund des gro\u00dfen Echos unter der Bev\u00f6lkerung haben sie sich jedoch bereits einen festen Platz in den Veranstaltungslisten einzelner Bundesl\u00e4nder erobern und halten k\u00f6nnen. Bayern hielt das Event zun\u00e4chst unregelm\u00e4\u00dfig ab, seit dem Jahr 1992 jedoch wird es alle zwei Jahre durchgef\u00fchrt. Im jeweils dazwischenliegenden Jahr werden kleine Gartenschauen abgehalten. Die <strong>bayrischen Gartenschauen<\/strong> k\u00f6nnen bisher mit einer gigantischen Besucherzahl von 23 Millionen aufwarten.<\/p>\n<p>Der gr\u00f6\u00dfte Erfolg in der Abhaltung der Gartenschauen ist ihr Effekt: Durch unz\u00e4hlige Mitwirkende, <strong>Sponsoren<\/strong>, Unterst\u00fctzung aus der \u00d6ffentlichkeit und freiwillig helfende H\u00e4nde konnten 460 Hektar Gr\u00fcnfl\u00e4che f\u00fcr die \u00d6ffentlichkeit entstehen. In Baden-W\u00fcrttemberg wurden die gro\u00dfen Landesgartenschauen zun\u00e4chst j\u00e4hrlich veranstaltet, seit 2001 jedoch wie in Bayern abwechselnd mit den kleinen Gartenschauen. Hier entstanden dabei sogar 625 Hektar \u00f6ffentliche Gr\u00fcnfl\u00e4che. Dieses Jahr 2018 werden die <strong>Landesgartenschauen in Bayern<\/strong> in <strong>W\u00fcrzburg<\/strong> und in <strong>Baden-W\u00fcrttemberg<\/strong> in <strong>Lahr<\/strong> stattfinden.<\/p>\n<h2>Landesgartenschau in W\u00fcrzburg vom 12. April bis 7. Oktober<\/h2>\n<p>Einer Landesgartenschau liegt stets ein Motto zugrunde. Die Landesgartenschau in W\u00fcrzburg behandelt dieses Jahr den <strong>Konflikt zwischen st\u00e4ndiger Expansion in den St\u00e4dten und \u00f6kologischem Denken<\/strong>. Spielerisch, forschend und kreativ werden auf der Landesgartenschau L\u00f6sungen daf\u00fcr aufgezeigt. Die W\u00fcrzburger Altstadt befindet sich eine halbe Stunde Fu\u00dfmarsch vom Areal der LGS, dem neuen Stadtteil mit dem bedeutungsvollen Namen Hubland entfernt.<br \/>\n<strong>Eastwest-Trading<\/strong> ist <strong>Partner der Landesgartenschau<\/strong>, indem wir sie mit einigen unserer Produkte als <strong>Ausstellungsst\u00fccke<\/strong> beliefern. Dabei wirken wir insofern als Sponsoren, als dass den Veranstaltern ein <strong>Freibetrag<\/strong> von 2.000 \u20ac <strong>f\u00fcr unsere Produkte<\/strong> zur Verf\u00fcgung gestellt wurde.<\/p>\n<figure id=\"attachment_3747\" aria-describedby=\"caption-attachment-3747\" style=\"width: 300px\" class=\"wp-caption aligncenter\"><a href=\"https:\/\/www.eastwest-trading.de\/Deko-Obst\/\"><img loading=\"lazy\" decoding=\"async\" class=\"wp-image-3747 size-medium\" src=\"https:\/\/www.eastwest-trading.de\/blog\/wp-content\/uploads\/2018\/02\/gruener-deko-apfel-fiberglas-300x225.jpg\" alt=\"Gr\u00fcner Deko-Apfel aus Fiberglas\" width=\"300\" height=\"225\" srcset=\"https:\/\/www.eastwest-trading.de\/blog\/wp-content\/uploads\/2018\/02\/gruener-deko-apfel-fiberglas-300x225.jpg 300w, https:\/\/www.eastwest-trading.de\/blog\/wp-content\/uploads\/2018\/02\/gruener-deko-apfel-fiberglas-370x278.jpg 370w, https:\/\/www.eastwest-trading.de\/blog\/wp-content\/uploads\/2018\/02\/gruener-deko-apfel-fiberglas.jpg 500w\" sizes=\"auto, (max-width: 300px) 100vw, 300px\" \/><\/a><figcaption id=\"caption-attachment-3747\" class=\"wp-caption-text\">Deko-Apfel aus Fiberglas<\/figcaption><\/figure>\n<p>Bei den gelieferten Produkten f\u00fcr W\u00fcrzburg handelt es sich um:<\/p>\n<ul>\n<li>2x<strong>\u00a0Deko-Apfel aus Fiberglas<\/strong> in\u00a0der Gr\u00f6\u00dfe 43x43x46\u00a0cm<\/li>\n<li>5x <strong>Deko-Apfel\u00a0aus Fiberglas<\/strong> in der Gr\u00f6\u00dfe\u00a025x25x29\u00a0cm<\/li>\n<\/ul>\n<p>Sie werden auff\u00e4llig auf der <strong>Freitreppe<\/strong> eines ehemaligen amerikanischen <strong>Kasernengel\u00e4ndes<\/strong> platziert. Die \u00c4pfel sind ein wahrer Blickfang \u2013 durch das knallige Gr\u00fcn im Granny-Smith-Look verf\u00fchren sie beinahe zum Reinbei\u00dfen. Sie eignen sich als geschmackvolle Deko im Gartenbereich, aber auch im Haus erzeugen sie ihre Wirkung. Das Material besteht aus <strong>umweltfreundlichem<\/strong> und <strong>witterungsbest\u00e4ndigem<\/strong> Fiberglas.<\/p>\n<h2>Landesgartenschau in Lahr vom 12. April bis 14. Oktober<\/h2>\n<p>Auch in <strong>Baden-W\u00fcrttemberg<\/strong> ist die <strong>Landesgartenschau<\/strong> der <strong>Fusion zwischen gr\u00fcnen Themen und neuen Technologien<\/strong> und Kunst gewidmet. Es werden verschiedenste Veranstaltungen im sportlichen, kirchlichen, schulischen und g\u00e4rtnerischen Bereich gezeigt und laden zum Staunen und Begeistern ein.<\/p>\n<p>Diese Eastwest-Trading Produkte sind\u00a0auf der Landesgartenschau in Lahr vertreten:<\/p>\n<ul>\n<li>10x <strong>Pflanzk\u00fcbel LUNA <\/strong>aus Kunststoff in mokka 42x42x35 cm<\/li>\n<li>10x\u00a0<a href=\"https:\/\/www.eastwest-trading.de\/pflanzkuebel\/\">Pflanzk\u00fcbel<\/a> LUNA aus Kunststoff in mokka 62x62x50 cm<\/li>\n<li>10x\u00a0Pflanzk\u00fcbel LUNA aus Kunststoff in mokka 52x52x43 cm<\/li>\n<li>4x <strong>Pflanzk\u00fcbel CIGAR<\/strong> aus Fiberglas in sandk\u00f6rnig-grau \u00d847&#215;100 cm<\/li>\n<\/ul>\n<p>Und auch in <strong>Lahr<\/strong> engagiert sich <strong>Eastwest-Trading<\/strong> durch <strong>Sponsoring<\/strong> in der H\u00f6he von 2.000 \u20ac und stellt seine Produkte als Ausstellungsst\u00fccke zur Verf\u00fcgung.\u00a0\u2028Es handelt sich dabei um\u00a0zwei verschiedene Pflanzk\u00fcbel in\u00a0unterschiedlichen Gr\u00f6\u00dfen, die sich deutlich von\u00a0anderen Pflanzgef\u00e4\u00dfen abheben. Der Pflanzk\u00fcbel LUNA \u00fcberzeugt mit seiner nat\u00fcrlich-sch\u00f6nen Oberfl\u00e4che in der Farbe Mokka\u00a0und der Pflanzk\u00fcbel Cigar mit der rau-sandk\u00f6rnigen Oberfl\u00e4che in der Farbe Grau. \u2028Luna ist frost- und hitzebest\u00e4ndig und sto\u00dfsicher. Das Gef\u00e4\u00df besteht aus geschleudertem Polyethylen, das im Rotationsverfahren hergestellt wird. Hierbei handelt es sich im Gegensatz zu Billigplastik, das nur gespritzt wird und deshalb leicht splittert oder bricht, um einen hochwertigen Kunststoff. PE ist ungiftig \u2013 es gelangen keine Abriebe oder andere Schadstoffe in die Natur.<\/p>\n<figure id=\"attachment_3749\" aria-describedby=\"caption-attachment-3749\" style=\"width: 300px\" class=\"wp-caption aligncenter\"><img loading=\"lazy\" decoding=\"async\" class=\"size-medium wp-image-3749\" src=\"https:\/\/www.eastwest-trading.de\/blog\/wp-content\/uploads\/2018\/02\/pflanzkuebel-luna-landesgartenschau-eastwest-300x225.jpg\" alt=\"Pflanzk\u00fcbel LUNA\" width=\"300\" height=\"225\" srcset=\"https:\/\/www.eastwest-trading.de\/blog\/wp-content\/uploads\/2018\/02\/pflanzkuebel-luna-landesgartenschau-eastwest-300x225.jpg 300w, https:\/\/www.eastwest-trading.de\/blog\/wp-content\/uploads\/2018\/02\/pflanzkuebel-luna-landesgartenschau-eastwest-768x576.jpg 768w, https:\/\/www.eastwest-trading.de\/blog\/wp-content\/uploads\/2018\/02\/pflanzkuebel-luna-landesgartenschau-eastwest-1024x768.jpg 1024w, https:\/\/www.eastwest-trading.de\/blog\/wp-content\/uploads\/2018\/02\/pflanzkuebel-luna-landesgartenschau-eastwest-370x278.jpg 370w, https:\/\/www.eastwest-trading.de\/blog\/wp-content\/uploads\/2018\/02\/pflanzkuebel-luna-landesgartenschau-eastwest-570x428.jpg 570w, https:\/\/www.eastwest-trading.de\/blog\/wp-content\/uploads\/2018\/02\/pflanzkuebel-luna-landesgartenschau-eastwest-770x578.jpg 770w, https:\/\/www.eastwest-trading.de\/blog\/wp-content\/uploads\/2018\/02\/pflanzkuebel-luna-landesgartenschau-eastwest-1170x878.jpg 1170w, https:\/\/www.eastwest-trading.de\/blog\/wp-content\/uploads\/2018\/02\/pflanzkuebel-luna-landesgartenschau-eastwest-773x580.jpg 773w, https:\/\/www.eastwest-trading.de\/blog\/wp-content\/uploads\/2018\/02\/pflanzkuebel-luna-landesgartenschau-eastwest.jpg 1500w\" sizes=\"auto, (max-width: 300px) 100vw, 300px\" \/><figcaption id=\"caption-attachment-3749\" class=\"wp-caption-text\">Pflanzk\u00fcbel LUNA<\/figcaption><\/figure>\n<p>Luna ist sehr leicht und kann in verschiedensten Gr\u00f6\u00dfen erworben werden. Cigar besticht durch die au\u00dfergew\u00f6hnliche Optik \u2013 zeitlose Eleganz und ein besonderer Stil in Kombination machen den Reiz dieses Pflanzk\u00fcbels aus. Auch ihn gibt es in verschiedenen Gr\u00f6\u00dfen.<\/p>\n<figure id=\"attachment_3751\" aria-describedby=\"caption-attachment-3751\" style=\"width: 300px\" class=\"wp-caption aligncenter\"><img loading=\"lazy\" decoding=\"async\" class=\"size-medium wp-image-3751\" src=\"https:\/\/www.eastwest-trading.de\/blog\/wp-content\/uploads\/2018\/02\/pflanzkuebel-cigar-eastwest-landesgartenschau-300x225.jpg\" alt=\"Pflanzk\u00fcbel CIGAR\" width=\"300\" height=\"225\" srcset=\"https:\/\/www.eastwest-trading.de\/blog\/wp-content\/uploads\/2018\/02\/pflanzkuebel-cigar-eastwest-landesgartenschau-300x225.jpg 300w, https:\/\/www.eastwest-trading.de\/blog\/wp-content\/uploads\/2018\/02\/pflanzkuebel-cigar-eastwest-landesgartenschau-370x278.jpg 370w, https:\/\/www.eastwest-trading.de\/blog\/wp-content\/uploads\/2018\/02\/pflanzkuebel-cigar-eastwest-landesgartenschau-570x428.jpg 570w, https:\/\/www.eastwest-trading.de\/blog\/wp-content\/uploads\/2018\/02\/pflanzkuebel-cigar-eastwest-landesgartenschau.jpg 692w\" sizes=\"auto, (max-width: 300px) 100vw, 300px\" \/><figcaption id=\"caption-attachment-3751\" class=\"wp-caption-text\">Pflanzk\u00fcbel CIGAR<\/figcaption><\/figure>\n<p>Durch die Ausstellung auf der Landesgartenschau in Baden-W\u00fcrttemberg und auf der Landesgartenschau in Bayern k\u00f6nnen Sie die Artikel in natura und in der Natur betrachten. Wir hoffen Sie werden\u00a0die Teilnahme unserer Produkte an den Gartenschauen als berechtigt anerkennen und haben viel Spa\u00df in W\u00fcrzburg und Lahr!<\/p>\n<\/article>","protected":false},"excerpt":{"rendered":"<p>Die Landesgartenschau in Deutschland sind verh\u00e4ltnism\u00e4\u00dfig junge Ereignisse. Aufgrund des gro\u00dfen Echos unter der Bev\u00f6lkerung haben sie sich jedoch bereits einen festen Platz in&#8230;<\/p>\n","protected":false},"author":2,"featured_media":0,"comment_status":"open","ping_status":"open","sticky":false,"template":"","format":"standard","meta":{"footnotes":""},"categories":[604,1],"tags":[],"class_list":["post-3745","post","type-post","status-publish","format-standard","hentry","category-events-und-termine","category-news","post-item","post-even"],"yoast_head":"<!-- This site is optimized with the Yoast SEO plugin v27.4 - https:\/\/yoast.com\/product\/yoast-seo-wordpress\/ -->\n<title>Landesgartenschau in Bayern &amp; Baden-W\u00fcrttemberg - Gartenpflege Tipps &amp; Ideen<\/title>\n<meta name=\"description\" content=\"Eastwest-Trading ist Sponsor der Landesgartenschau in W\u00fcrzburg und Lahr. Wo Ihr unsere gesponsorten Produkte finden k\u00f6nnt &amp; vieles mehr, erfahrt Ihr hier!\" \/>\n<meta name=\"robots\" content=\"index, follow, max-snippet:-1, max-image-preview:large, max-video-preview:-1\" \/>\n<link rel=\"canonical\" href=\"https:\/\/www.eastwest-trading.de\/blog\/news\/landesgartenschau-in-bayern-baden-wuerttemberg\/\" \/>\n<meta property=\"og:locale\" content=\"de_DE\" \/>\n<meta property=\"og:type\" content=\"article\" \/>\n<meta property=\"og:title\" content=\"Landesgartenschau in Bayern &amp; Baden-W\u00fcrttemberg - Gartenpflege Tipps &amp; Ideen\" \/>\n<meta property=\"og:description\" content=\"Eastwest-Trading ist Sponsor der Landesgartenschau in W\u00fcrzburg und Lahr. Wo Ihr unsere gesponsorten Produkte finden k\u00f6nnt &amp; vieles mehr, erfahrt Ihr hier!\" \/>\n<meta property=\"og:url\" content=\"https:\/\/www.eastwest-trading.de\/blog\/news\/landesgartenschau-in-bayern-baden-wuerttemberg\/\" \/>\n<meta property=\"og:site_name\" content=\"Gartenpflege Tipps &amp; Ideen\" \/>\n<meta property=\"article:publisher\" content=\"https:\/\/www.facebook.com\/EastwestTrading.Pflanzkuebel\/\" \/>\n<meta property=\"article:published_time\" content=\"2018-02-13T16:20:59+00:00\" \/>\n<meta property=\"article:modified_time\" content=\"2025-06-23T05:16:49+00:00\" \/>\n<meta property=\"og:image\" content=\"https:\/\/www.eastwest-trading.de\/blog\/wp-content\/uploads\/2018\/02\/gruener-deko-apfel-fiberglas.jpg\" \/>\n\t<meta property=\"og:image:width\" content=\"500\" \/>\n\t<meta property=\"og:image:height\" content=\"375\" \/>\n\t<meta property=\"og:image:type\" content=\"image\/jpeg\" \/>\n<meta name=\"author\" content=\"Stephan\" \/>\n<meta name=\"twitter:label1\" content=\"Verfasst von\" \/>\n\t<meta name=\"twitter:data1\" content=\"Stephan\" \/>\n\t<meta name=\"twitter:label2\" content=\"Gesch\u00e4tzte Lesezeit\" \/>\n\t<meta name=\"twitter:data2\" content=\"5\u00a0Minuten\" \/>\n<script type=\"application\/ld+json\" class=\"yoast-schema-graph\">{\"@context\":\"https:\\\/\\\/schema.org\",\"@graph\":[{\"@type\":\"Article\",\"@id\":\"https:\\\/\\\/www.eastwest-trading.de\\\/blog\\\/news\\\/landesgartenschau-in-bayern-baden-wuerttemberg\\\/#article\",\"isPartOf\":{\"@id\":\"https:\\\/\\\/www.eastwest-trading.de\\\/blog\\\/news\\\/landesgartenschau-in-bayern-baden-wuerttemberg\\\/\"},\"author\":{\"name\":\"Stephan\",\"@id\":\"https:\\\/\\\/www.eastwest-trading.de\\\/blog\\\/#\\\/schema\\\/person\\\/91fc85a47b32465d8c1f3593d019f7f3\"},\"headline\":\"Landesgartenschau in Bayern &#038; Baden-W\u00fcrttemberg\",\"datePublished\":\"2018-02-13T16:20:59+00:00\",\"dateModified\":\"2025-06-23T05:16:49+00:00\",\"mainEntityOfPage\":{\"@id\":\"https:\\\/\\\/www.eastwest-trading.de\\\/blog\\\/news\\\/landesgartenschau-in-bayern-baden-wuerttemberg\\\/\"},\"wordCount\":727,\"commentCount\":0,\"publisher\":{\"@id\":\"https:\\\/\\\/www.eastwest-trading.de\\\/blog\\\/#organization\"},\"image\":{\"@id\":\"https:\\\/\\\/www.eastwest-trading.de\\\/blog\\\/news\\\/landesgartenschau-in-bayern-baden-wuerttemberg\\\/#primaryimage\"},\"thumbnailUrl\":\"https:\\\/\\\/www.eastwest-trading.de\\\/blog\\\/wp-content\\\/uploads\\\/2018\\\/02\\\/gruener-deko-apfel-fiberglas-300x225.jpg\",\"articleSection\":[\"Events und Termine\",\"News\"],\"inLanguage\":\"de\",\"potentialAction\":[{\"@type\":\"CommentAction\",\"name\":\"Comment\",\"target\":[\"https:\\\/\\\/www.eastwest-trading.de\\\/blog\\\/news\\\/landesgartenschau-in-bayern-baden-wuerttemberg\\\/#respond\"]}]},{\"@type\":\"WebPage\",\"@id\":\"https:\\\/\\\/www.eastwest-trading.de\\\/blog\\\/news\\\/landesgartenschau-in-bayern-baden-wuerttemberg\\\/\",\"url\":\"https:\\\/\\\/www.eastwest-trading.de\\\/blog\\\/news\\\/landesgartenschau-in-bayern-baden-wuerttemberg\\\/\",\"name\":\"Landesgartenschau in Bayern & Baden-W\u00fcrttemberg - Gartenpflege Tipps &amp; Ideen\",\"isPartOf\":{\"@id\":\"https:\\\/\\\/www.eastwest-trading.de\\\/blog\\\/#website\"},\"primaryImageOfPage\":{\"@id\":\"https:\\\/\\\/www.eastwest-trading.de\\\/blog\\\/news\\\/landesgartenschau-in-bayern-baden-wuerttemberg\\\/#primaryimage\"},\"image\":{\"@id\":\"https:\\\/\\\/www.eastwest-trading.de\\\/blog\\\/news\\\/landesgartenschau-in-bayern-baden-wuerttemberg\\\/#primaryimage\"},\"thumbnailUrl\":\"https:\\\/\\\/www.eastwest-trading.de\\\/blog\\\/wp-content\\\/uploads\\\/2018\\\/02\\\/gruener-deko-apfel-fiberglas-300x225.jpg\",\"datePublished\":\"2018-02-13T16:20:59+00:00\",\"dateModified\":\"2025-06-23T05:16:49+00:00\",\"description\":\"Eastwest-Trading ist Sponsor der Landesgartenschau in W\u00fcrzburg und Lahr. Wo Ihr unsere gesponsorten Produkte finden k\u00f6nnt & vieles mehr, erfahrt Ihr hier!\",\"breadcrumb\":{\"@id\":\"https:\\\/\\\/www.eastwest-trading.de\\\/blog\\\/news\\\/landesgartenschau-in-bayern-baden-wuerttemberg\\\/#breadcrumb\"},\"inLanguage\":\"de\",\"potentialAction\":[{\"@type\":\"ReadAction\",\"target\":[\"https:\\\/\\\/www.eastwest-trading.de\\\/blog\\\/news\\\/landesgartenschau-in-bayern-baden-wuerttemberg\\\/\"]}]},{\"@type\":\"ImageObject\",\"inLanguage\":\"de\",\"@id\":\"https:\\\/\\\/www.eastwest-trading.de\\\/blog\\\/news\\\/landesgartenschau-in-bayern-baden-wuerttemberg\\\/#primaryimage\",\"url\":\"https:\\\/\\\/www.eastwest-trading.de\\\/blog\\\/wp-content\\\/uploads\\\/2018\\\/02\\\/gruener-deko-apfel-fiberglas.jpg\",\"contentUrl\":\"https:\\\/\\\/www.eastwest-trading.de\\\/blog\\\/wp-content\\\/uploads\\\/2018\\\/02\\\/gruener-deko-apfel-fiberglas.jpg\",\"width\":500,\"height\":375,\"caption\":\"Gr\u00fcner Deko-Apfel aus Fiberglas\"},{\"@type\":\"BreadcrumbList\",\"@id\":\"https:\\\/\\\/www.eastwest-trading.de\\\/blog\\\/news\\\/landesgartenschau-in-bayern-baden-wuerttemberg\\\/#breadcrumb\",\"itemListElement\":[{\"@type\":\"ListItem\",\"position\":1,\"name\":\"Home\",\"item\":\"https:\\\/\\\/www.eastwest-trading.de\\\/blog\\\/\"},{\"@type\":\"ListItem\",\"position\":2,\"name\":\"Landesgartenschau in Bayern &#038; Baden-W\u00fcrttemberg\"}]},{\"@type\":\"WebSite\",\"@id\":\"https:\\\/\\\/www.eastwest-trading.de\\\/blog\\\/#website\",\"url\":\"https:\\\/\\\/www.eastwest-trading.de\\\/blog\\\/\",\"name\":\"Eastwest Trading\",\"description\":\"\",\"publisher\":{\"@id\":\"https:\\\/\\\/www.eastwest-trading.de\\\/blog\\\/#organization\"},\"potentialAction\":[{\"@type\":\"SearchAction\",\"target\":{\"@type\":\"EntryPoint\",\"urlTemplate\":\"https:\\\/\\\/www.eastwest-trading.de\\\/blog\\\/?s={search_term_string}\"},\"query-input\":{\"@type\":\"PropertyValueSpecification\",\"valueRequired\":true,\"valueName\":\"search_term_string\"}}],\"inLanguage\":\"de\"},{\"@type\":\"Organization\",\"@id\":\"https:\\\/\\\/www.eastwest-trading.de\\\/blog\\\/#organization\",\"name\":\"Gartenpflege Tipps & Ideen\",\"url\":\"https:\\\/\\\/www.eastwest-trading.de\\\/blog\\\/\",\"logo\":{\"@type\":\"ImageObject\",\"inLanguage\":\"de\",\"@id\":\"https:\\\/\\\/www.eastwest-trading.de\\\/blog\\\/#\\\/schema\\\/logo\\\/image\\\/\",\"url\":\"https:\\\/\\\/www.eastwest-trading.de\\\/blog\\\/wp-content\\\/uploads\\\/2017\\\/09\\\/eastwest-trading-logo-schoener-leben-mit-pflanzkuebeln.png\",\"contentUrl\":\"https:\\\/\\\/www.eastwest-trading.de\\\/blog\\\/wp-content\\\/uploads\\\/2017\\\/09\\\/eastwest-trading-logo-schoener-leben-mit-pflanzkuebeln.png\",\"width\":290,\"height\":102,\"caption\":\"Gartenpflege Tipps & Ideen\"},\"image\":{\"@id\":\"https:\\\/\\\/www.eastwest-trading.de\\\/blog\\\/#\\\/schema\\\/logo\\\/image\\\/\"},\"sameAs\":[\"https:\\\/\\\/www.facebook.com\\\/EastwestTrading.Pflanzkuebel\\\/\"]},{\"@type\":\"Person\",\"@id\":\"https:\\\/\\\/www.eastwest-trading.de\\\/blog\\\/#\\\/schema\\\/person\\\/91fc85a47b32465d8c1f3593d019f7f3\",\"name\":\"Stephan\",\"image\":{\"@type\":\"ImageObject\",\"inLanguage\":\"de\",\"@id\":\"https:\\\/\\\/secure.gravatar.com\\\/avatar\\\/e10e6ef4907f2b0e0e3eb2c76a118639d1e851599fdccec21fa6966e66dc8153?s=96&d=mm&r=g\",\"url\":\"https:\\\/\\\/secure.gravatar.com\\\/avatar\\\/e10e6ef4907f2b0e0e3eb2c76a118639d1e851599fdccec21fa6966e66dc8153?s=96&d=mm&r=g\",\"contentUrl\":\"https:\\\/\\\/secure.gravatar.com\\\/avatar\\\/e10e6ef4907f2b0e0e3eb2c76a118639d1e851599fdccec21fa6966e66dc8153?s=96&d=mm&r=g\",\"caption\":\"Stephan\"},\"url\":\"https:\\\/\\\/www.eastwest-trading.de\\\/blog\\\/author\\\/stephan\\\/\"}]}<\/script>\n<!-- \/ Yoast SEO plugin. -->","yoast_head_json":{"title":"Landesgartenschau in Bayern & Baden-W\u00fcrttemberg - Gartenpflege Tipps &amp; Ideen","description":"Eastwest-Trading ist Sponsor der Landesgartenschau in W\u00fcrzburg und Lahr. Wo Ihr unsere gesponsorten Produkte finden k\u00f6nnt & vieles mehr, erfahrt Ihr hier!","robots":{"index":"index","follow":"follow","max-snippet":"max-snippet:-1","max-image-preview":"max-image-preview:large","max-video-preview":"max-video-preview:-1"},"canonical":"https:\/\/www.eastwest-trading.de\/blog\/news\/landesgartenschau-in-bayern-baden-wuerttemberg\/","og_locale":"de_DE","og_type":"article","og_title":"Landesgartenschau in Bayern & Baden-W\u00fcrttemberg - Gartenpflege Tipps &amp; Ideen","og_description":"Eastwest-Trading ist Sponsor der Landesgartenschau in W\u00fcrzburg und Lahr. Wo Ihr unsere gesponsorten Produkte finden k\u00f6nnt & vieles mehr, erfahrt Ihr hier!","og_url":"https:\/\/www.eastwest-trading.de\/blog\/news\/landesgartenschau-in-bayern-baden-wuerttemberg\/","og_site_name":"Gartenpflege Tipps &amp; Ideen","article_publisher":"https:\/\/www.facebook.com\/EastwestTrading.Pflanzkuebel\/","article_published_time":"2018-02-13T16:20:59+00:00","article_modified_time":"2025-06-23T05:16:49+00:00","og_image":[{"width":500,"height":375,"url":"https:\/\/www.eastwest-trading.de\/blog\/wp-content\/uploads\/2018\/02\/gruener-deko-apfel-fiberglas.jpg","type":"image\/jpeg"}],"author":"Stephan","twitter_misc":{"Verfasst von":"Stephan","Gesch\u00e4tzte Lesezeit":"5\u00a0Minuten"},"schema":{"@context":"https:\/\/schema.org","@graph":[{"@type":"Article","@id":"https:\/\/www.eastwest-trading.de\/blog\/news\/landesgartenschau-in-bayern-baden-wuerttemberg\/#article","isPartOf":{"@id":"https:\/\/www.eastwest-trading.de\/blog\/news\/landesgartenschau-in-bayern-baden-wuerttemberg\/"},"author":{"name":"Stephan","@id":"https:\/\/www.eastwest-trading.de\/blog\/#\/schema\/person\/91fc85a47b32465d8c1f3593d019f7f3"},"headline":"Landesgartenschau in Bayern &#038; Baden-W\u00fcrttemberg","datePublished":"2018-02-13T16:20:59+00:00","dateModified":"2025-06-23T05:16:49+00:00","mainEntityOfPage":{"@id":"https:\/\/www.eastwest-trading.de\/blog\/news\/landesgartenschau-in-bayern-baden-wuerttemberg\/"},"wordCount":727,"commentCount":0,"publisher":{"@id":"https:\/\/www.eastwest-trading.de\/blog\/#organization"},"image":{"@id":"https:\/\/www.eastwest-trading.de\/blog\/news\/landesgartenschau-in-bayern-baden-wuerttemberg\/#primaryimage"},"thumbnailUrl":"https:\/\/www.eastwest-trading.de\/blog\/wp-content\/uploads\/2018\/02\/gruener-deko-apfel-fiberglas-300x225.jpg","articleSection":["Events und Termine","News"],"inLanguage":"de","potentialAction":[{"@type":"CommentAction","name":"Comment","target":["https:\/\/www.eastwest-trading.de\/blog\/news\/landesgartenschau-in-bayern-baden-wuerttemberg\/#respond"]}]},{"@type":"WebPage","@id":"https:\/\/www.eastwest-trading.de\/blog\/news\/landesgartenschau-in-bayern-baden-wuerttemberg\/","url":"https:\/\/www.eastwest-trading.de\/blog\/news\/landesgartenschau-in-bayern-baden-wuerttemberg\/","name":"Landesgartenschau in Bayern & Baden-W\u00fcrttemberg - Gartenpflege Tipps &amp; Ideen","isPartOf":{"@id":"https:\/\/www.eastwest-trading.de\/blog\/#website"},"primaryImageOfPage":{"@id":"https:\/\/www.eastwest-trading.de\/blog\/news\/landesgartenschau-in-bayern-baden-wuerttemberg\/#primaryimage"},"image":{"@id":"https:\/\/www.eastwest-trading.de\/blog\/news\/landesgartenschau-in-bayern-baden-wuerttemberg\/#primaryimage"},"thumbnailUrl":"https:\/\/www.eastwest-trading.de\/blog\/wp-content\/uploads\/2018\/02\/gruener-deko-apfel-fiberglas-300x225.jpg","datePublished":"2018-02-13T16:20:59+00:00","dateModified":"2025-06-23T05:16:49+00:00","description":"Eastwest-Trading ist Sponsor der Landesgartenschau in W\u00fcrzburg und Lahr. Wo Ihr unsere gesponsorten Produkte finden k\u00f6nnt & vieles mehr, erfahrt Ihr hier!","breadcrumb":{"@id":"https:\/\/www.eastwest-trading.de\/blog\/news\/landesgartenschau-in-bayern-baden-wuerttemberg\/#breadcrumb"},"inLanguage":"de","potentialAction":[{"@type":"ReadAction","target":["https:\/\/www.eastwest-trading.de\/blog\/news\/landesgartenschau-in-bayern-baden-wuerttemberg\/"]}]},{"@type":"ImageObject","inLanguage":"de","@id":"https:\/\/www.eastwest-trading.de\/blog\/news\/landesgartenschau-in-bayern-baden-wuerttemberg\/#primaryimage","url":"https:\/\/www.eastwest-trading.de\/blog\/wp-content\/uploads\/2018\/02\/gruener-deko-apfel-fiberglas.jpg","contentUrl":"https:\/\/www.eastwest-trading.de\/blog\/wp-content\/uploads\/2018\/02\/gruener-deko-apfel-fiberglas.jpg","width":500,"height":375,"caption":"Gr\u00fcner Deko-Apfel aus Fiberglas"},{"@type":"BreadcrumbList","@id":"https:\/\/www.eastwest-trading.de\/blog\/news\/landesgartenschau-in-bayern-baden-wuerttemberg\/#breadcrumb","itemListElement":[{"@type":"ListItem","position":1,"name":"Home","item":"https:\/\/www.eastwest-trading.de\/blog\/"},{"@type":"ListItem","position":2,"name":"Landesgartenschau in Bayern &#038; Baden-W\u00fcrttemberg"}]},{"@type":"WebSite","@id":"https:\/\/www.eastwest-trading.de\/blog\/#website","url":"https:\/\/www.eastwest-trading.de\/blog\/","name":"Eastwest Trading","description":"","publisher":{"@id":"https:\/\/www.eastwest-trading.de\/blog\/#organization"},"potentialAction":[{"@type":"SearchAction","target":{"@type":"EntryPoint","urlTemplate":"https:\/\/www.eastwest-trading.de\/blog\/?s={search_term_string}"},"query-input":{"@type":"PropertyValueSpecification","valueRequired":true,"valueName":"search_term_string"}}],"inLanguage":"de"},{"@type":"Organization","@id":"https:\/\/www.eastwest-trading.de\/blog\/#organization","name":"Gartenpflege Tipps & Ideen","url":"https:\/\/www.eastwest-trading.de\/blog\/","logo":{"@type":"ImageObject","inLanguage":"de","@id":"https:\/\/www.eastwest-trading.de\/blog\/#\/schema\/logo\/image\/","url":"https:\/\/www.eastwest-trading.de\/blog\/wp-content\/uploads\/2017\/09\/eastwest-trading-logo-schoener-leben-mit-pflanzkuebeln.png","contentUrl":"https:\/\/www.eastwest-trading.de\/blog\/wp-content\/uploads\/2017\/09\/eastwest-trading-logo-schoener-leben-mit-pflanzkuebeln.png","width":290,"height":102,"caption":"Gartenpflege Tipps & Ideen"},"image":{"@id":"https:\/\/www.eastwest-trading.de\/blog\/#\/schema\/logo\/image\/"},"sameAs":["https:\/\/www.facebook.com\/EastwestTrading.Pflanzkuebel\/"]},{"@type":"Person","@id":"https:\/\/www.eastwest-trading.de\/blog\/#\/schema\/person\/91fc85a47b32465d8c1f3593d019f7f3","name":"Stephan","image":{"@type":"ImageObject","inLanguage":"de","@id":"https:\/\/secure.gravatar.com\/avatar\/e10e6ef4907f2b0e0e3eb2c76a118639d1e851599fdccec21fa6966e66dc8153?s=96&d=mm&r=g","url":"https:\/\/secure.gravatar.com\/avatar\/e10e6ef4907f2b0e0e3eb2c76a118639d1e851599fdccec21fa6966e66dc8153?s=96&d=mm&r=g","contentUrl":"https:\/\/secure.gravatar.com\/avatar\/e10e6ef4907f2b0e0e3eb2c76a118639d1e851599fdccec21fa6966e66dc8153?s=96&d=mm&r=g","caption":"Stephan"},"url":"https:\/\/www.eastwest-trading.de\/blog\/author\/stephan\/"}]}},"_links":{"self":[{"href":"https:\/\/www.eastwest-trading.de\/blog\/wp-json\/wp\/v2\/posts\/3745","targetHints":{"allow":["GET"]}}],"collection":[{"href":"https:\/\/www.eastwest-trading.de\/blog\/wp-json\/wp\/v2\/posts"}],"about":[{"href":"https:\/\/www.eastwest-trading.de\/blog\/wp-json\/wp\/v2\/types\/post"}],"author":[{"embeddable":true,"href":"https:\/\/www.eastwest-trading.de\/blog\/wp-json\/wp\/v2\/users\/2"}],"replies":[{"embeddable":true,"href":"https:\/\/www.eastwest-trading.de\/blog\/wp-json\/wp\/v2\/comments?post=3745"}],"version-history":[{"count":10,"href":"https:\/\/www.eastwest-trading.de\/blog\/wp-json\/wp\/v2\/posts\/3745\/revisions"}],"predecessor-version":[{"id":5045,"href":"https:\/\/www.eastwest-trading.de\/blog\/wp-json\/wp\/v2\/posts\/3745\/revisions\/5045"}],"wp:attachment":[{"href":"https:\/\/www.eastwest-trading.de\/blog\/wp-json\/wp\/v2\/media?parent=3745"}],"wp:term":[{"taxonomy":"category","embeddable":true,"href":"https:\/\/www.eastwest-trading.de\/blog\/wp-json\/wp\/v2\/categories?post=3745"},{"taxonomy":"post_tag","embeddable":true,"href":"https:\/\/www.eastwest-trading.de\/blog\/wp-json\/wp\/v2\/tags?post=3745"}],"curies":[{"name":"wp","href":"https:\/\/api.w.org\/{rel}","templated":true}]}}