{"id":3735,"date":"2018-01-02T19:36:32","date_gmt":"2018-01-02T18:36:32","guid":{"rendered":"https:\/\/www.eastwest-trading.de\/blog\/?p=3735"},"modified":"2019-06-26T11:37:47","modified_gmt":"2019-06-26T10:37:47","slug":"wie-gaerten-auch-im-winter-bezaubern","status":"publish","type":"post","link":"https:\/\/www.eastwest-trading.de\/blog\/news\/wie-gaerten-auch-im-winter-bezaubern\/","title":{"rendered":"Wie G\u00e4rten auch im Winter bezaubern"},"content":{"rendered":"<article class=\"entry-content\"><p>G\u00e4rten in hiesigen Breiten entfalten ihre ganze Sch\u00f6nheit und Strahlkraft im Fr\u00fchjahr, Sommer und auch noch in den ersten Herbstwochen. Was aber nicht hei\u00dft, dass das heimische Gr\u00fcn im Winter \u201etot\u201c ist \u2013 auch wenn der Schnee meterhoch liegt. Ein Garten im Winter kann eine ganz eigene Magie aus\u00fcben. Zum Beispiel zeigen immergr\u00fcne Koniferen, der bedingt winterharte Osmanthus, Buchs und Efeu, dass noch nicht alles Leben erloschen ist. Gerade dem Buchs kommt eine besondere Bedeutung zu. In Pflanzk\u00fcbeln oder frei ausgesetzt kommen auch unter dem Schnee seine geometrischen Formen bestens zur Geltung und sollten sich aufgrund des Klimawandels die milden Winter weiter h\u00e4ufen, sind auch immergr\u00fcne Bodendecker wie der Cotoneaster, Euonymus mit seinen vielen Spielartenoder die Golderdbeere und das Kleine Immergr\u00fcn ein wahrer Blickfang. All diese Arten sind auch bestens geeignet f\u00fcr entsprechend winterharte <a href=\"https:\/\/www.eastwest-trading.de\/pflanzkuebel-fiberglas\/\">Blumenk\u00fcbel<\/a> und Pflanztr\u00f6ge aus Fiberglas\u00a0in wei\u00df, grau und schwarz \u2013 wobei ein Vlies rund um die Pflanzgef\u00e4\u00dfe die Pflanzen vor Einfrieren sch\u00fctzt.<\/p>\n<p>Auch gr\u00f6\u00dfere Geh\u00f6lze erf\u00fcllen f\u00fcr den heimischen Garten eine wichtige Aufgabe. Sie spenden Schatten und strukturieren den Raum. Davon profitiert man im Winter, denn Hecken und B\u00e4ume unterbrechen die wei\u00dfen Fl\u00e4chen und schaffen eine wunderbare r\u00e4umliche Struktur. Hat der kundige Besitzer zudem noch Arten mit sch\u00f6ner Rinde gew\u00e4hlt wie etwa Birke, Pfaffenh\u00fctchen oder Ahorn (und hier vor allem den Zimt-Ahorn und den Rostbart-Ahorn), punkten diese B\u00e4ume in der kalten Jahreszeit besonders \u2013 da ohne Laub die Rinde nun gut zum Vorschein kommt. Ein weiterer Trick f\u00fcr einen ansprechenden Garten im Winter kann bereits vor der Pflanzung ber\u00fccksichtigt werden: Gerade Buchenhecken halten die Bl\u00e4tter besonders lange und das Laub beeindruckt durch den warmen und rotbraunen Farbton \u2013 der sehr gut zum Immergr\u00fcn passt. Auch viele Ziergr\u00e4ser und Stauden k\u00f6nnen mit ihren Samenst\u00e4nden und dem welken Laub sch\u00f6ne Akzente setzen.<\/p>\n<p>Zu guter Letzt seien noch die Str\u00e4ucher erw\u00e4hnt, die im Winter bl\u00fchen oder Beeren tragen. Zwar ist die Auswahl der Winterbl\u00fcher \u00fcberschaubar, doch wer kann sich der Magie von Zaubernuss mit ihren gelben Bl\u00fcten, dem Winter-Schneeball oder des Echten Jasmin entziehen? Frei nach dem Motto: Im Sommer kann jeder, das kommt es auf die eine oder andere Bl\u00fcte nicht an \u2013 der Winter schult das Auge f\u00fcr das Detail. Und f\u00fcrs winterliche Staudenbeet ist nach wie vor die Christrose ein Renner. Sie tr\u00e4gt schneewei\u00dfe Bl\u00fcten, die sich rund um Weihnachten \u00f6ffnen. Und wenn Pflanzen wie Schneegl\u00f6ckchen, Winterlinge, Krokusse oder Alpenveilchen zum Vorschein kommen, dann ist klar: die kalte Jahreszeit ist bald vor\u00fcber und der Fr\u00fchling schickt seine Vorboten.<\/p>\n<\/article>","protected":false},"excerpt":{"rendered":"<p>G\u00e4rten in hiesigen Breiten entfalten ihre ganze Sch\u00f6nheit und Strahlkraft im Fr\u00fchjahr, Sommer und auch noch in den ersten Herbstwochen. Was aber nicht hei\u00dft,&#8230;<\/p>\n","protected":false},"author":2,"featured_media":3737,"comment_status":"open","ping_status":"open","sticky":false,"template":"","format":"standard","meta":{"footnotes":""},"categories":[576,549,583,593,534,518,600,1,527],"tags":[628,626,627],"class_list":["post-3735","post","type-post","status-publish","format-standard","has-post-thumbnail","hentry","category-die-gartenwelt-von-eastwest","category-ein-blick-hinter-die-kulissen","category-fiberglas-pflanzkubel","category-gartenausstattung","category-gartengestaltung","category-gartenkalender","category-gartenpflege","category-news","category-pflanzenpflege","tag-garten-eastwest","tag-garten-im-winter","tag-winter-garten","post-item","post-even"],"yoast_head":"<!-- This site is optimized with the Yoast SEO plugin v27.5 - https:\/\/yoast.com\/product\/yoast-seo-wordpress\/ -->\n<title>Wie G\u00e4rten auch im Winter bezaubern - Gartenpflege Tipps &amp; Ideen<\/title>\n<meta name=\"robots\" content=\"index, follow, max-snippet:-1, max-image-preview:large, max-video-preview:-1\" \/>\n<link rel=\"canonical\" href=\"https:\/\/www.eastwest-trading.de\/blog\/news\/wie-gaerten-auch-im-winter-bezaubern\/\" \/>\n<meta property=\"og:locale\" content=\"de_DE\" \/>\n<meta property=\"og:type\" content=\"article\" \/>\n<meta property=\"og:title\" content=\"Wie G\u00e4rten auch im Winter bezaubern - Gartenpflege Tipps &amp; Ideen\" \/>\n<meta property=\"og:description\" content=\"G\u00e4rten in hiesigen Breiten entfalten ihre ganze Sch\u00f6nheit und Strahlkraft im Fr\u00fchjahr, Sommer und auch noch in den ersten Herbstwochen. Was aber nicht hei\u00dft,...\" \/>\n<meta property=\"og:url\" content=\"https:\/\/www.eastwest-trading.de\/blog\/news\/wie-gaerten-auch-im-winter-bezaubern\/\" \/>\n<meta property=\"og:site_name\" content=\"Gartenpflege Tipps &amp; Ideen\" \/>\n<meta property=\"article:publisher\" content=\"https:\/\/www.facebook.com\/EastwestTrading.Pflanzkuebel\/\" \/>\n<meta property=\"article:published_time\" content=\"2018-01-02T18:36:32+00:00\" \/>\n<meta property=\"article:modified_time\" content=\"2019-06-26T10:37:47+00:00\" \/>\n<meta property=\"og:image\" content=\"https:\/\/www.eastwest-trading.de\/blog\/wp-content\/uploads\/2018\/01\/winter-garten-eastwest-pflanzkuebel.jpg\" \/>\n\t<meta property=\"og:image:width\" content=\"960\" \/>\n\t<meta property=\"og:image:height\" content=\"642\" \/>\n\t<meta property=\"og:image:type\" content=\"image\/jpeg\" \/>\n<meta name=\"author\" content=\"Stephan\" \/>\n<meta name=\"twitter:label1\" content=\"Verfasst von\" \/>\n\t<meta name=\"twitter:data1\" content=\"Stephan\" \/>\n\t<meta name=\"twitter:label2\" content=\"Gesch\u00e4tzte Lesezeit\" \/>\n\t<meta name=\"twitter:data2\" content=\"2\u00a0Minuten\" \/>\n<script type=\"application\/ld+json\" class=\"yoast-schema-graph\">{\"@context\":\"https:\\\/\\\/schema.org\",\"@graph\":[{\"@type\":\"Article\",\"@id\":\"https:\\\/\\\/www.eastwest-trading.de\\\/blog\\\/news\\\/wie-gaerten-auch-im-winter-bezaubern\\\/#article\",\"isPartOf\":{\"@id\":\"https:\\\/\\\/www.eastwest-trading.de\\\/blog\\\/news\\\/wie-gaerten-auch-im-winter-bezaubern\\\/\"},\"author\":{\"name\":\"Stephan\",\"@id\":\"https:\\\/\\\/www.eastwest-trading.de\\\/blog\\\/#\\\/schema\\\/person\\\/91fc85a47b32465d8c1f3593d019f7f3\"},\"headline\":\"Wie G\u00e4rten auch im Winter bezaubern\",\"datePublished\":\"2018-01-02T18:36:32+00:00\",\"dateModified\":\"2019-06-26T10:37:47+00:00\",\"mainEntityOfPage\":{\"@id\":\"https:\\\/\\\/www.eastwest-trading.de\\\/blog\\\/news\\\/wie-gaerten-auch-im-winter-bezaubern\\\/\"},\"wordCount\":465,\"commentCount\":0,\"publisher\":{\"@id\":\"https:\\\/\\\/www.eastwest-trading.de\\\/blog\\\/#organization\"},\"image\":{\"@id\":\"https:\\\/\\\/www.eastwest-trading.de\\\/blog\\\/news\\\/wie-gaerten-auch-im-winter-bezaubern\\\/#primaryimage\"},\"thumbnailUrl\":\"https:\\\/\\\/www.eastwest-trading.de\\\/blog\\\/wp-content\\\/uploads\\\/2018\\\/01\\\/winter-garten-eastwest-pflanzkuebel.jpg\",\"keywords\":[\"garten eastwest\",\"garten im winter\",\"winter garten\"],\"articleSection\":[\"Die Gartenwelt von Eastwest\",\"Ein Blick hinter die Kulissen\",\"Fiberglas Pflanzk\u00fcbel\",\"Gartenausstattung\",\"Gartengestaltung\",\"Gartenkalender\",\"Gartenpflege\",\"News\",\"Pflanzenpflege\"],\"inLanguage\":\"de\",\"potentialAction\":[{\"@type\":\"CommentAction\",\"name\":\"Comment\",\"target\":[\"https:\\\/\\\/www.eastwest-trading.de\\\/blog\\\/news\\\/wie-gaerten-auch-im-winter-bezaubern\\\/#respond\"]}]},{\"@type\":\"WebPage\",\"@id\":\"https:\\\/\\\/www.eastwest-trading.de\\\/blog\\\/news\\\/wie-gaerten-auch-im-winter-bezaubern\\\/\",\"url\":\"https:\\\/\\\/www.eastwest-trading.de\\\/blog\\\/news\\\/wie-gaerten-auch-im-winter-bezaubern\\\/\",\"name\":\"Wie G\u00e4rten auch im Winter bezaubern - Gartenpflege Tipps &amp; Ideen\",\"isPartOf\":{\"@id\":\"https:\\\/\\\/www.eastwest-trading.de\\\/blog\\\/#website\"},\"primaryImageOfPage\":{\"@id\":\"https:\\\/\\\/www.eastwest-trading.de\\\/blog\\\/news\\\/wie-gaerten-auch-im-winter-bezaubern\\\/#primaryimage\"},\"image\":{\"@id\":\"https:\\\/\\\/www.eastwest-trading.de\\\/blog\\\/news\\\/wie-gaerten-auch-im-winter-bezaubern\\\/#primaryimage\"},\"thumbnailUrl\":\"https:\\\/\\\/www.eastwest-trading.de\\\/blog\\\/wp-content\\\/uploads\\\/2018\\\/01\\\/winter-garten-eastwest-pflanzkuebel.jpg\",\"datePublished\":\"2018-01-02T18:36:32+00:00\",\"dateModified\":\"2019-06-26T10:37:47+00:00\",\"breadcrumb\":{\"@id\":\"https:\\\/\\\/www.eastwest-trading.de\\\/blog\\\/news\\\/wie-gaerten-auch-im-winter-bezaubern\\\/#breadcrumb\"},\"inLanguage\":\"de\",\"potentialAction\":[{\"@type\":\"ReadAction\",\"target\":[\"https:\\\/\\\/www.eastwest-trading.de\\\/blog\\\/news\\\/wie-gaerten-auch-im-winter-bezaubern\\\/\"]}]},{\"@type\":\"ImageObject\",\"inLanguage\":\"de\",\"@id\":\"https:\\\/\\\/www.eastwest-trading.de\\\/blog\\\/news\\\/wie-gaerten-auch-im-winter-bezaubern\\\/#primaryimage\",\"url\":\"https:\\\/\\\/www.eastwest-trading.de\\\/blog\\\/wp-content\\\/uploads\\\/2018\\\/01\\\/winter-garten-eastwest-pflanzkuebel.jpg\",\"contentUrl\":\"https:\\\/\\\/www.eastwest-trading.de\\\/blog\\\/wp-content\\\/uploads\\\/2018\\\/01\\\/winter-garten-eastwest-pflanzkuebel.jpg\",\"width\":960,\"height\":642},{\"@type\":\"BreadcrumbList\",\"@id\":\"https:\\\/\\\/www.eastwest-trading.de\\\/blog\\\/news\\\/wie-gaerten-auch-im-winter-bezaubern\\\/#breadcrumb\",\"itemListElement\":[{\"@type\":\"ListItem\",\"position\":1,\"name\":\"Home\",\"item\":\"https:\\\/\\\/www.eastwest-trading.de\\\/blog\\\/\"},{\"@type\":\"ListItem\",\"position\":2,\"name\":\"Wie G\u00e4rten auch im Winter bezaubern\"}]},{\"@type\":\"WebSite\",\"@id\":\"https:\\\/\\\/www.eastwest-trading.de\\\/blog\\\/#website\",\"url\":\"https:\\\/\\\/www.eastwest-trading.de\\\/blog\\\/\",\"name\":\"Eastwest Trading\",\"description\":\"\",\"publisher\":{\"@id\":\"https:\\\/\\\/www.eastwest-trading.de\\\/blog\\\/#organization\"},\"potentialAction\":[{\"@type\":\"SearchAction\",\"target\":{\"@type\":\"EntryPoint\",\"urlTemplate\":\"https:\\\/\\\/www.eastwest-trading.de\\\/blog\\\/?s={search_term_string}\"},\"query-input\":{\"@type\":\"PropertyValueSpecification\",\"valueRequired\":true,\"valueName\":\"search_term_string\"}}],\"inLanguage\":\"de\"},{\"@type\":\"Organization\",\"@id\":\"https:\\\/\\\/www.eastwest-trading.de\\\/blog\\\/#organization\",\"name\":\"Gartenpflege Tipps & Ideen\",\"url\":\"https:\\\/\\\/www.eastwest-trading.de\\\/blog\\\/\",\"logo\":{\"@type\":\"ImageObject\",\"inLanguage\":\"de\",\"@id\":\"https:\\\/\\\/www.eastwest-trading.de\\\/blog\\\/#\\\/schema\\\/logo\\\/image\\\/\",\"url\":\"https:\\\/\\\/www.eastwest-trading.de\\\/blog\\\/wp-content\\\/uploads\\\/2017\\\/09\\\/eastwest-trading-logo-schoener-leben-mit-pflanzkuebeln.png\",\"contentUrl\":\"https:\\\/\\\/www.eastwest-trading.de\\\/blog\\\/wp-content\\\/uploads\\\/2017\\\/09\\\/eastwest-trading-logo-schoener-leben-mit-pflanzkuebeln.png\",\"width\":290,\"height\":102,\"caption\":\"Gartenpflege Tipps & Ideen\"},\"image\":{\"@id\":\"https:\\\/\\\/www.eastwest-trading.de\\\/blog\\\/#\\\/schema\\\/logo\\\/image\\\/\"},\"sameAs\":[\"https:\\\/\\\/www.facebook.com\\\/EastwestTrading.Pflanzkuebel\\\/\"]},{\"@type\":\"Person\",\"@id\":\"https:\\\/\\\/www.eastwest-trading.de\\\/blog\\\/#\\\/schema\\\/person\\\/91fc85a47b32465d8c1f3593d019f7f3\",\"name\":\"Stephan\",\"image\":{\"@type\":\"ImageObject\",\"inLanguage\":\"de\",\"@id\":\"https:\\\/\\\/secure.gravatar.com\\\/avatar\\\/e10e6ef4907f2b0e0e3eb2c76a118639d1e851599fdccec21fa6966e66dc8153?s=96&d=mm&r=g\",\"url\":\"https:\\\/\\\/secure.gravatar.com\\\/avatar\\\/e10e6ef4907f2b0e0e3eb2c76a118639d1e851599fdccec21fa6966e66dc8153?s=96&d=mm&r=g\",\"contentUrl\":\"https:\\\/\\\/secure.gravatar.com\\\/avatar\\\/e10e6ef4907f2b0e0e3eb2c76a118639d1e851599fdccec21fa6966e66dc8153?s=96&d=mm&r=g\",\"caption\":\"Stephan\"},\"url\":\"https:\\\/\\\/www.eastwest-trading.de\\\/blog\\\/author\\\/stephan\\\/\"}]}<\/script>\n<!-- \/ Yoast SEO plugin. -->","yoast_head_json":{"title":"Wie G\u00e4rten auch im Winter bezaubern - Gartenpflege Tipps &amp; Ideen","robots":{"index":"index","follow":"follow","max-snippet":"max-snippet:-1","max-image-preview":"max-image-preview:large","max-video-preview":"max-video-preview:-1"},"canonical":"https:\/\/www.eastwest-trading.de\/blog\/news\/wie-gaerten-auch-im-winter-bezaubern\/","og_locale":"de_DE","og_type":"article","og_title":"Wie G\u00e4rten auch im Winter bezaubern - Gartenpflege Tipps &amp; Ideen","og_description":"G\u00e4rten in hiesigen Breiten entfalten ihre ganze Sch\u00f6nheit und Strahlkraft im Fr\u00fchjahr, Sommer und auch noch in den ersten Herbstwochen. Was aber nicht hei\u00dft,...","og_url":"https:\/\/www.eastwest-trading.de\/blog\/news\/wie-gaerten-auch-im-winter-bezaubern\/","og_site_name":"Gartenpflege Tipps &amp; Ideen","article_publisher":"https:\/\/www.facebook.com\/EastwestTrading.Pflanzkuebel\/","article_published_time":"2018-01-02T18:36:32+00:00","article_modified_time":"2019-06-26T10:37:47+00:00","og_image":[{"width":960,"height":642,"url":"https:\/\/www.eastwest-trading.de\/blog\/wp-content\/uploads\/2018\/01\/winter-garten-eastwest-pflanzkuebel.jpg","type":"image\/jpeg"}],"author":"Stephan","twitter_misc":{"Verfasst von":"Stephan","Gesch\u00e4tzte Lesezeit":"2\u00a0Minuten"},"schema":{"@context":"https:\/\/schema.org","@graph":[{"@type":"Article","@id":"https:\/\/www.eastwest-trading.de\/blog\/news\/wie-gaerten-auch-im-winter-bezaubern\/#article","isPartOf":{"@id":"https:\/\/www.eastwest-trading.de\/blog\/news\/wie-gaerten-auch-im-winter-bezaubern\/"},"author":{"name":"Stephan","@id":"https:\/\/www.eastwest-trading.de\/blog\/#\/schema\/person\/91fc85a47b32465d8c1f3593d019f7f3"},"headline":"Wie G\u00e4rten auch im Winter bezaubern","datePublished":"2018-01-02T18:36:32+00:00","dateModified":"2019-06-26T10:37:47+00:00","mainEntityOfPage":{"@id":"https:\/\/www.eastwest-trading.de\/blog\/news\/wie-gaerten-auch-im-winter-bezaubern\/"},"wordCount":465,"commentCount":0,"publisher":{"@id":"https:\/\/www.eastwest-trading.de\/blog\/#organization"},"image":{"@id":"https:\/\/www.eastwest-trading.de\/blog\/news\/wie-gaerten-auch-im-winter-bezaubern\/#primaryimage"},"thumbnailUrl":"https:\/\/www.eastwest-trading.de\/blog\/wp-content\/uploads\/2018\/01\/winter-garten-eastwest-pflanzkuebel.jpg","keywords":["garten eastwest","garten im winter","winter garten"],"articleSection":["Die Gartenwelt von Eastwest","Ein Blick hinter die Kulissen","Fiberglas Pflanzk\u00fcbel","Gartenausstattung","Gartengestaltung","Gartenkalender","Gartenpflege","News","Pflanzenpflege"],"inLanguage":"de","potentialAction":[{"@type":"CommentAction","name":"Comment","target":["https:\/\/www.eastwest-trading.de\/blog\/news\/wie-gaerten-auch-im-winter-bezaubern\/#respond"]}]},{"@type":"WebPage","@id":"https:\/\/www.eastwest-trading.de\/blog\/news\/wie-gaerten-auch-im-winter-bezaubern\/","url":"https:\/\/www.eastwest-trading.de\/blog\/news\/wie-gaerten-auch-im-winter-bezaubern\/","name":"Wie G\u00e4rten auch im Winter bezaubern - Gartenpflege Tipps &amp; Ideen","isPartOf":{"@id":"https:\/\/www.eastwest-trading.de\/blog\/#website"},"primaryImageOfPage":{"@id":"https:\/\/www.eastwest-trading.de\/blog\/news\/wie-gaerten-auch-im-winter-bezaubern\/#primaryimage"},"image":{"@id":"https:\/\/www.eastwest-trading.de\/blog\/news\/wie-gaerten-auch-im-winter-bezaubern\/#primaryimage"},"thumbnailUrl":"https:\/\/www.eastwest-trading.de\/blog\/wp-content\/uploads\/2018\/01\/winter-garten-eastwest-pflanzkuebel.jpg","datePublished":"2018-01-02T18:36:32+00:00","dateModified":"2019-06-26T10:37:47+00:00","breadcrumb":{"@id":"https:\/\/www.eastwest-trading.de\/blog\/news\/wie-gaerten-auch-im-winter-bezaubern\/#breadcrumb"},"inLanguage":"de","potentialAction":[{"@type":"ReadAction","target":["https:\/\/www.eastwest-trading.de\/blog\/news\/wie-gaerten-auch-im-winter-bezaubern\/"]}]},{"@type":"ImageObject","inLanguage":"de","@id":"https:\/\/www.eastwest-trading.de\/blog\/news\/wie-gaerten-auch-im-winter-bezaubern\/#primaryimage","url":"https:\/\/www.eastwest-trading.de\/blog\/wp-content\/uploads\/2018\/01\/winter-garten-eastwest-pflanzkuebel.jpg","contentUrl":"https:\/\/www.eastwest-trading.de\/blog\/wp-content\/uploads\/2018\/01\/winter-garten-eastwest-pflanzkuebel.jpg","width":960,"height":642},{"@type":"BreadcrumbList","@id":"https:\/\/www.eastwest-trading.de\/blog\/news\/wie-gaerten-auch-im-winter-bezaubern\/#breadcrumb","itemListElement":[{"@type":"ListItem","position":1,"name":"Home","item":"https:\/\/www.eastwest-trading.de\/blog\/"},{"@type":"ListItem","position":2,"name":"Wie G\u00e4rten auch im Winter bezaubern"}]},{"@type":"WebSite","@id":"https:\/\/www.eastwest-trading.de\/blog\/#website","url":"https:\/\/www.eastwest-trading.de\/blog\/","name":"Eastwest Trading","description":"","publisher":{"@id":"https:\/\/www.eastwest-trading.de\/blog\/#organization"},"potentialAction":[{"@type":"SearchAction","target":{"@type":"EntryPoint","urlTemplate":"https:\/\/www.eastwest-trading.de\/blog\/?s={search_term_string}"},"query-input":{"@type":"PropertyValueSpecification","valueRequired":true,"valueName":"search_term_string"}}],"inLanguage":"de"},{"@type":"Organization","@id":"https:\/\/www.eastwest-trading.de\/blog\/#organization","name":"Gartenpflege Tipps & Ideen","url":"https:\/\/www.eastwest-trading.de\/blog\/","logo":{"@type":"ImageObject","inLanguage":"de","@id":"https:\/\/www.eastwest-trading.de\/blog\/#\/schema\/logo\/image\/","url":"https:\/\/www.eastwest-trading.de\/blog\/wp-content\/uploads\/2017\/09\/eastwest-trading-logo-schoener-leben-mit-pflanzkuebeln.png","contentUrl":"https:\/\/www.eastwest-trading.de\/blog\/wp-content\/uploads\/2017\/09\/eastwest-trading-logo-schoener-leben-mit-pflanzkuebeln.png","width":290,"height":102,"caption":"Gartenpflege Tipps & Ideen"},"image":{"@id":"https:\/\/www.eastwest-trading.de\/blog\/#\/schema\/logo\/image\/"},"sameAs":["https:\/\/www.facebook.com\/EastwestTrading.Pflanzkuebel\/"]},{"@type":"Person","@id":"https:\/\/www.eastwest-trading.de\/blog\/#\/schema\/person\/91fc85a47b32465d8c1f3593d019f7f3","name":"Stephan","image":{"@type":"ImageObject","inLanguage":"de","@id":"https:\/\/secure.gravatar.com\/avatar\/e10e6ef4907f2b0e0e3eb2c76a118639d1e851599fdccec21fa6966e66dc8153?s=96&d=mm&r=g","url":"https:\/\/secure.gravatar.com\/avatar\/e10e6ef4907f2b0e0e3eb2c76a118639d1e851599fdccec21fa6966e66dc8153?s=96&d=mm&r=g","contentUrl":"https:\/\/secure.gravatar.com\/avatar\/e10e6ef4907f2b0e0e3eb2c76a118639d1e851599fdccec21fa6966e66dc8153?s=96&d=mm&r=g","caption":"Stephan"},"url":"https:\/\/www.eastwest-trading.de\/blog\/author\/stephan\/"}]}},"_links":{"self":[{"href":"https:\/\/www.eastwest-trading.de\/blog\/wp-json\/wp\/v2\/posts\/3735","targetHints":{"allow":["GET"]}}],"collection":[{"href":"https:\/\/www.eastwest-trading.de\/blog\/wp-json\/wp\/v2\/posts"}],"about":[{"href":"https:\/\/www.eastwest-trading.de\/blog\/wp-json\/wp\/v2\/types\/post"}],"author":[{"embeddable":true,"href":"https:\/\/www.eastwest-trading.de\/blog\/wp-json\/wp\/v2\/users\/2"}],"replies":[{"embeddable":true,"href":"https:\/\/www.eastwest-trading.de\/blog\/wp-json\/wp\/v2\/comments?post=3735"}],"version-history":[{"count":3,"href":"https:\/\/www.eastwest-trading.de\/blog\/wp-json\/wp\/v2\/posts\/3735\/revisions"}],"predecessor-version":[{"id":4226,"href":"https:\/\/www.eastwest-trading.de\/blog\/wp-json\/wp\/v2\/posts\/3735\/revisions\/4226"}],"wp:featuredmedia":[{"embeddable":true,"href":"https:\/\/www.eastwest-trading.de\/blog\/wp-json\/wp\/v2\/media\/3737"}],"wp:attachment":[{"href":"https:\/\/www.eastwest-trading.de\/blog\/wp-json\/wp\/v2\/media?parent=3735"}],"wp:term":[{"taxonomy":"category","embeddable":true,"href":"https:\/\/www.eastwest-trading.de\/blog\/wp-json\/wp\/v2\/categories?post=3735"},{"taxonomy":"post_tag","embeddable":true,"href":"https:\/\/www.eastwest-trading.de\/blog\/wp-json\/wp\/v2\/tags?post=3735"}],"curies":[{"name":"wp","href":"https:\/\/api.w.org\/{rel}","templated":true}]}}