{"id":2733,"date":"2016-03-30T14:14:03","date_gmt":"2016-03-30T13:14:03","guid":{"rendered":"https:\/\/www.eastwest-trading.de\/blog\/?p=2733"},"modified":"2024-04-10T14:41:20","modified_gmt":"2024-04-10T13:41:20","slug":"der-fruehling-erwacht-so-werden-die-pflanzen-wieder-fit-fuer-den-garten","status":"publish","type":"post","link":"https:\/\/www.eastwest-trading.de\/blog\/gartenkalender\/der-fruehling-erwacht-so-werden-die-pflanzen-wieder-fit-fuer-den-garten\/","title":{"rendered":"Der Fr\u00fchling erwacht"},"content":{"rendered":"<article class=\"entry-content\"><p><strong>So werden die Pflanzen wieder fit f\u00fcr den Garten<\/strong><\/p>\n<p>Kaum werden die Tage l\u00e4nger, juckt es den Hobbyg\u00e4rtnern schon wieder in den Fingern. Die Sonne hat mehr Kraft, Krokusse setzen die ersten Farbtupfer in die G\u00e4rten und Parks und die Zugv\u00f6gel kehren wieder aus de w\u00e4rmeren Gefilden zur\u00fcck. Auch im heimischen Garten kann nun langsam wieder Leben einkehren. Es gibt viel zu tun \u2013 in den Beeten, auf dem Rasen, in den T\u00f6pfen.<\/p>\n<p><strong>Erste Gartenarbeiten<\/strong><\/p>\n<p>Wege s\u00e4ubern, Beete j\u00e4ten, ausschneiden, Gem\u00fcseg\u00e4rten neu ans\u00e4hen, Pflanzen zurechtstutzen, Laub rechen, <a href=\"https:\/\/www.eastwest-trading.de\/blumenkuebel\/\" data-bcup-haslogintext=\"no\">Blument\u00f6pfe<\/a> aus dem Winterquartier holen oder neu bepflanzen und die Terrasse dekorieren \u2013 das alles steht im Fr\u00fchjahr f\u00fcr Hobby-G\u00e4rtner auf dem Plan.<\/p>\n<p>L\u00e4sst der Fr\u00fchling die Tage langsam wieder l\u00e4nger und w\u00e4rmer werden, ist es Zeit Winterbl\u00fcher, Rosen, Clemantis und Hortensien zurechtzustutzen. Das Stutzen ist wichtig, damit die Pflanzen bis zum Sommer kr\u00e4ftig wachsen und bl\u00fchen k\u00f6nnen. Untersuchen Sie die Pflanzen dar\u00fcber hinaus sorgf\u00e4ltig auf Pilzbefall; Im Fr\u00fchjahr ist die Infektionsgefahr besonders hoch. Haben Sie Ihre Obstb\u00e4ume noch nicht gestutzt, wird es jetzt h\u00f6chste Zeit! Die sollten Sie n\u00e4mlich in der Zeit von November bis April schneiden, sonst riskieren Sie, dass der Baum nicht richtig austreibt und sp\u00e4ter nur wenige Fr\u00fcchte tr\u00e4gt.<\/p>\n<p>Das Fr\u00fchjahr ist zudem die beste Zeit, die l\u00e4stigen Schnecken im Garten loszuwerden. Die noch jungen Schnecken lassen sich leicht mit Schneckenkorn bek\u00e4mpfen. Haben Sie H\u00fchner, lassen Sie sie jetzt in den Garten, solange noch nichts ges\u00e4t oder gepflanzt ist. Die H\u00fchner freuen sich \u00fcber die Schnecken und k\u00f6nnen sonst im Garten noch keinen gro\u00dfen Schaden anrichten.<\/p>\n<p><strong>Ist der Frost erstmal vorbei\u2026<\/strong><\/p>\n<p>Ist die kalte Jahreszeit \u00fcberstanden, kann endlich wieder Gem\u00fcse im Garten gepflanzt werden. Ist es drau\u00dfen noch zu kalt f\u00fcr Gem\u00fcse, k\u00f6nnen Sie die Aussaat auch in einem Saatkasten, im Fr\u00fchbeet oder im Gew\u00e4chshaus beginnen. Saatk\u00e4sten sollten warm und hell stehen und einen Deckel haben, denn die jungen Pflanzen brauchen viel Luftfeuchtigkeit. T\u00f6pfe k\u00f6nnen Sie auch einfach mit Klarsichtfolie abdecken. Tomaten, Auberginen und Gurken sollten immer vorgezogen werden, da Sie sonst kaum eine ausreichende Ernte erwarten k\u00f6nnen. Warten Sie die Eisheiligen (etwa Mitte Mai) ab, bevor Sie die jungen Pflanzen nach drau\u00dfen setzen. So sind Sie auf der sicheren Seite. Bohnen sollten Sie im Beet so s\u00e4en, dass sie nicht vor den Eisheiligen keimen, M\u00f6hren hingegen k\u00f6nnen Sie schon im M\u00e4rz auss\u00e4en.<\/p>\n<p>Sobald keine Frostgefahr mehr besteht, kann auch der Winterschutz von empfindlichen Pflanzen entfernt werden. Das vor K\u00e4lte sch\u00fctzende Laub auf Beeten hat nun seine Funktion erf\u00fcllt und kann beseitigt werden. Auch der Rasen sollte nun vom Laub befreit werden, damit er wieder frisch austreiben kann.<\/p>\n<p>Zu guter Letzt sollen auch Balkon und Terrasse wieder in neuem Glanz erstrahlen. Pflanzen Sie vorgezogene Fr\u00fchbl\u00fcher in kleinen Gr\u00fcppchen in <a href=\"https:\/\/www.eastwest-trading.de\/pflanztroege\/\" data-bcup-haslogintext=\"no\">Pflanztr\u00f6ge<\/a> oder Balkonk\u00e4sten \u2013 zum Beispiel unseren PRIMO \u2013 und genie\u00dfen Sie in wenigen Tagen die farbenfrohe Bl\u00fctenpracht der Fr\u00fchjahrsblumen. Wenn Sie sich l\u00e4ngere Zeit an den sch\u00f6nen Pflanzen erfreuen m\u00f6chten, pflanzen Sie die Blumenzwiebeln in der \u201eLasagne-Technik\u201c in die Pflanztr\u00f6ge. Bei dieser Technik werden die Blumenzwiebeln in Schichten in die Erde gepflanzt. Die gr\u00f6\u00dferen Zwiebeln werden in die untere Schicht gepflanzt, versetzt dar\u00fcber die kleineren Zwiebeln. F\u00fcr diese Technik bieten sich zum Beispiel Tulpen und Narzissen an.<\/p>\n<\/article>","protected":false},"excerpt":{"rendered":"<p>So werden die Pflanzen wieder fit f\u00fcr den Garten Kaum werden die Tage l\u00e4nger, juckt es den Hobbyg\u00e4rtnern schon wieder in den Fingern. Die&#8230;<\/p>\n","protected":false},"author":2,"featured_media":2038,"comment_status":"open","ping_status":"open","sticky":false,"template":"","format":"standard","meta":{"footnotes":""},"categories":[518],"tags":[395,19,21,451],"class_list":["post-2733","post","type-post","status-publish","format-standard","has-post-thumbnail","hentry","category-gartenkalender","tag-balkon","tag-fruhling","tag-garten","tag-gartenarbeit","post-item","post-even"],"yoast_head":"<!-- This site is optimized with the Yoast SEO plugin v27.5 - https:\/\/yoast.com\/product\/yoast-seo-wordpress\/ -->\n<title>Der Fr\u00fchling erwacht - Gartenpflege Tipps &amp; Ideen<\/title>\n<meta name=\"robots\" content=\"index, follow, max-snippet:-1, max-image-preview:large, max-video-preview:-1\" \/>\n<link rel=\"canonical\" href=\"https:\/\/www.eastwest-trading.de\/blog\/gartenkalender\/der-fruehling-erwacht-so-werden-die-pflanzen-wieder-fit-fuer-den-garten\/\" \/>\n<meta property=\"og:locale\" content=\"de_DE\" \/>\n<meta property=\"og:type\" content=\"article\" \/>\n<meta property=\"og:title\" content=\"Der Fr\u00fchling erwacht - Gartenpflege Tipps &amp; Ideen\" \/>\n<meta property=\"og:description\" content=\"So werden die Pflanzen wieder fit f\u00fcr den Garten Kaum werden die Tage l\u00e4nger, juckt es den Hobbyg\u00e4rtnern schon wieder in den Fingern. Die...\" \/>\n<meta property=\"og:url\" content=\"https:\/\/www.eastwest-trading.de\/blog\/gartenkalender\/der-fruehling-erwacht-so-werden-die-pflanzen-wieder-fit-fuer-den-garten\/\" \/>\n<meta property=\"og:site_name\" content=\"Gartenpflege Tipps &amp; Ideen\" \/>\n<meta property=\"article:publisher\" content=\"https:\/\/www.facebook.com\/EastwestTrading.Pflanzkuebel\/\" \/>\n<meta property=\"article:published_time\" content=\"2016-03-30T13:14:03+00:00\" \/>\n<meta property=\"article:modified_time\" content=\"2024-04-10T13:41:20+00:00\" \/>\n<meta property=\"og:image\" content=\"https:\/\/www.eastwest-trading.de\/blog\/wp-content\/uploads\/2013\/11\/pflanztrog-balkonkasten-eastwest-e1499097064177.jpg\" \/>\n\t<meta property=\"og:image:width\" content=\"770\" \/>\n\t<meta property=\"og:image:height\" content=\"540\" \/>\n\t<meta property=\"og:image:type\" content=\"image\/jpeg\" \/>\n<meta name=\"author\" content=\"Stephan\" \/>\n<meta name=\"twitter:label1\" content=\"Verfasst von\" \/>\n\t<meta name=\"twitter:data1\" content=\"Stephan\" \/>\n\t<meta name=\"twitter:label2\" content=\"Gesch\u00e4tzte Lesezeit\" \/>\n\t<meta name=\"twitter:data2\" content=\"4\u00a0Minuten\" \/>\n<script type=\"application\/ld+json\" class=\"yoast-schema-graph\">{\"@context\":\"https:\\\/\\\/schema.org\",\"@graph\":[{\"@type\":\"Article\",\"@id\":\"https:\\\/\\\/www.eastwest-trading.de\\\/blog\\\/gartenkalender\\\/der-fruehling-erwacht-so-werden-die-pflanzen-wieder-fit-fuer-den-garten\\\/#article\",\"isPartOf\":{\"@id\":\"https:\\\/\\\/www.eastwest-trading.de\\\/blog\\\/gartenkalender\\\/der-fruehling-erwacht-so-werden-die-pflanzen-wieder-fit-fuer-den-garten\\\/\"},\"author\":{\"name\":\"Stephan\",\"@id\":\"https:\\\/\\\/www.eastwest-trading.de\\\/blog\\\/#\\\/schema\\\/person\\\/91fc85a47b32465d8c1f3593d019f7f3\"},\"headline\":\"Der Fr\u00fchling erwacht\",\"datePublished\":\"2016-03-30T13:14:03+00:00\",\"dateModified\":\"2024-04-10T13:41:20+00:00\",\"mainEntityOfPage\":{\"@id\":\"https:\\\/\\\/www.eastwest-trading.de\\\/blog\\\/gartenkalender\\\/der-fruehling-erwacht-so-werden-die-pflanzen-wieder-fit-fuer-den-garten\\\/\"},\"wordCount\":605,\"commentCount\":0,\"publisher\":{\"@id\":\"https:\\\/\\\/www.eastwest-trading.de\\\/blog\\\/#organization\"},\"image\":{\"@id\":\"https:\\\/\\\/www.eastwest-trading.de\\\/blog\\\/gartenkalender\\\/der-fruehling-erwacht-so-werden-die-pflanzen-wieder-fit-fuer-den-garten\\\/#primaryimage\"},\"thumbnailUrl\":\"https:\\\/\\\/www.eastwest-trading.de\\\/blog\\\/wp-content\\\/uploads\\\/2013\\\/11\\\/pflanztrog-balkonkasten-eastwest-e1499097064177.jpg\",\"keywords\":[\"Balkon\",\"Fr\u00fchling\",\"Garten\",\"Gartenarbeit\"],\"articleSection\":[\"Gartenkalender\"],\"inLanguage\":\"de\",\"potentialAction\":[{\"@type\":\"CommentAction\",\"name\":\"Comment\",\"target\":[\"https:\\\/\\\/www.eastwest-trading.de\\\/blog\\\/gartenkalender\\\/der-fruehling-erwacht-so-werden-die-pflanzen-wieder-fit-fuer-den-garten\\\/#respond\"]}]},{\"@type\":\"WebPage\",\"@id\":\"https:\\\/\\\/www.eastwest-trading.de\\\/blog\\\/gartenkalender\\\/der-fruehling-erwacht-so-werden-die-pflanzen-wieder-fit-fuer-den-garten\\\/\",\"url\":\"https:\\\/\\\/www.eastwest-trading.de\\\/blog\\\/gartenkalender\\\/der-fruehling-erwacht-so-werden-die-pflanzen-wieder-fit-fuer-den-garten\\\/\",\"name\":\"Der Fr\u00fchling erwacht - Gartenpflege Tipps &amp; Ideen\",\"isPartOf\":{\"@id\":\"https:\\\/\\\/www.eastwest-trading.de\\\/blog\\\/#website\"},\"primaryImageOfPage\":{\"@id\":\"https:\\\/\\\/www.eastwest-trading.de\\\/blog\\\/gartenkalender\\\/der-fruehling-erwacht-so-werden-die-pflanzen-wieder-fit-fuer-den-garten\\\/#primaryimage\"},\"image\":{\"@id\":\"https:\\\/\\\/www.eastwest-trading.de\\\/blog\\\/gartenkalender\\\/der-fruehling-erwacht-so-werden-die-pflanzen-wieder-fit-fuer-den-garten\\\/#primaryimage\"},\"thumbnailUrl\":\"https:\\\/\\\/www.eastwest-trading.de\\\/blog\\\/wp-content\\\/uploads\\\/2013\\\/11\\\/pflanztrog-balkonkasten-eastwest-e1499097064177.jpg\",\"datePublished\":\"2016-03-30T13:14:03+00:00\",\"dateModified\":\"2024-04-10T13:41:20+00:00\",\"breadcrumb\":{\"@id\":\"https:\\\/\\\/www.eastwest-trading.de\\\/blog\\\/gartenkalender\\\/der-fruehling-erwacht-so-werden-die-pflanzen-wieder-fit-fuer-den-garten\\\/#breadcrumb\"},\"inLanguage\":\"de\",\"potentialAction\":[{\"@type\":\"ReadAction\",\"target\":[\"https:\\\/\\\/www.eastwest-trading.de\\\/blog\\\/gartenkalender\\\/der-fruehling-erwacht-so-werden-die-pflanzen-wieder-fit-fuer-den-garten\\\/\"]}]},{\"@type\":\"ImageObject\",\"inLanguage\":\"de\",\"@id\":\"https:\\\/\\\/www.eastwest-trading.de\\\/blog\\\/gartenkalender\\\/der-fruehling-erwacht-so-werden-die-pflanzen-wieder-fit-fuer-den-garten\\\/#primaryimage\",\"url\":\"https:\\\/\\\/www.eastwest-trading.de\\\/blog\\\/wp-content\\\/uploads\\\/2013\\\/11\\\/pflanztrog-balkonkasten-eastwest-e1499097064177.jpg\",\"contentUrl\":\"https:\\\/\\\/www.eastwest-trading.de\\\/blog\\\/wp-content\\\/uploads\\\/2013\\\/11\\\/pflanztrog-balkonkasten-eastwest-e1499097064177.jpg\",\"width\":770,\"height\":540},{\"@type\":\"BreadcrumbList\",\"@id\":\"https:\\\/\\\/www.eastwest-trading.de\\\/blog\\\/gartenkalender\\\/der-fruehling-erwacht-so-werden-die-pflanzen-wieder-fit-fuer-den-garten\\\/#breadcrumb\",\"itemListElement\":[{\"@type\":\"ListItem\",\"position\":1,\"name\":\"Home\",\"item\":\"https:\\\/\\\/www.eastwest-trading.de\\\/blog\\\/\"},{\"@type\":\"ListItem\",\"position\":2,\"name\":\"Der Fr\u00fchling erwacht\"}]},{\"@type\":\"WebSite\",\"@id\":\"https:\\\/\\\/www.eastwest-trading.de\\\/blog\\\/#website\",\"url\":\"https:\\\/\\\/www.eastwest-trading.de\\\/blog\\\/\",\"name\":\"Eastwest Trading\",\"description\":\"\",\"publisher\":{\"@id\":\"https:\\\/\\\/www.eastwest-trading.de\\\/blog\\\/#organization\"},\"potentialAction\":[{\"@type\":\"SearchAction\",\"target\":{\"@type\":\"EntryPoint\",\"urlTemplate\":\"https:\\\/\\\/www.eastwest-trading.de\\\/blog\\\/?s={search_term_string}\"},\"query-input\":{\"@type\":\"PropertyValueSpecification\",\"valueRequired\":true,\"valueName\":\"search_term_string\"}}],\"inLanguage\":\"de\"},{\"@type\":\"Organization\",\"@id\":\"https:\\\/\\\/www.eastwest-trading.de\\\/blog\\\/#organization\",\"name\":\"Gartenpflege Tipps & Ideen\",\"url\":\"https:\\\/\\\/www.eastwest-trading.de\\\/blog\\\/\",\"logo\":{\"@type\":\"ImageObject\",\"inLanguage\":\"de\",\"@id\":\"https:\\\/\\\/www.eastwest-trading.de\\\/blog\\\/#\\\/schema\\\/logo\\\/image\\\/\",\"url\":\"https:\\\/\\\/www.eastwest-trading.de\\\/blog\\\/wp-content\\\/uploads\\\/2017\\\/09\\\/eastwest-trading-logo-schoener-leben-mit-pflanzkuebeln.png\",\"contentUrl\":\"https:\\\/\\\/www.eastwest-trading.de\\\/blog\\\/wp-content\\\/uploads\\\/2017\\\/09\\\/eastwest-trading-logo-schoener-leben-mit-pflanzkuebeln.png\",\"width\":290,\"height\":102,\"caption\":\"Gartenpflege Tipps & Ideen\"},\"image\":{\"@id\":\"https:\\\/\\\/www.eastwest-trading.de\\\/blog\\\/#\\\/schema\\\/logo\\\/image\\\/\"},\"sameAs\":[\"https:\\\/\\\/www.facebook.com\\\/EastwestTrading.Pflanzkuebel\\\/\"]},{\"@type\":\"Person\",\"@id\":\"https:\\\/\\\/www.eastwest-trading.de\\\/blog\\\/#\\\/schema\\\/person\\\/91fc85a47b32465d8c1f3593d019f7f3\",\"name\":\"Stephan\",\"image\":{\"@type\":\"ImageObject\",\"inLanguage\":\"de\",\"@id\":\"https:\\\/\\\/secure.gravatar.com\\\/avatar\\\/e10e6ef4907f2b0e0e3eb2c76a118639d1e851599fdccec21fa6966e66dc8153?s=96&d=mm&r=g\",\"url\":\"https:\\\/\\\/secure.gravatar.com\\\/avatar\\\/e10e6ef4907f2b0e0e3eb2c76a118639d1e851599fdccec21fa6966e66dc8153?s=96&d=mm&r=g\",\"contentUrl\":\"https:\\\/\\\/secure.gravatar.com\\\/avatar\\\/e10e6ef4907f2b0e0e3eb2c76a118639d1e851599fdccec21fa6966e66dc8153?s=96&d=mm&r=g\",\"caption\":\"Stephan\"},\"url\":\"https:\\\/\\\/www.eastwest-trading.de\\\/blog\\\/author\\\/stephan\\\/\"}]}<\/script>\n<!-- \/ Yoast SEO plugin. -->","yoast_head_json":{"title":"Der Fr\u00fchling erwacht - Gartenpflege Tipps &amp; Ideen","robots":{"index":"index","follow":"follow","max-snippet":"max-snippet:-1","max-image-preview":"max-image-preview:large","max-video-preview":"max-video-preview:-1"},"canonical":"https:\/\/www.eastwest-trading.de\/blog\/gartenkalender\/der-fruehling-erwacht-so-werden-die-pflanzen-wieder-fit-fuer-den-garten\/","og_locale":"de_DE","og_type":"article","og_title":"Der Fr\u00fchling erwacht - Gartenpflege Tipps &amp; Ideen","og_description":"So werden die Pflanzen wieder fit f\u00fcr den Garten Kaum werden die Tage l\u00e4nger, juckt es den Hobbyg\u00e4rtnern schon wieder in den Fingern. Die...","og_url":"https:\/\/www.eastwest-trading.de\/blog\/gartenkalender\/der-fruehling-erwacht-so-werden-die-pflanzen-wieder-fit-fuer-den-garten\/","og_site_name":"Gartenpflege Tipps &amp; Ideen","article_publisher":"https:\/\/www.facebook.com\/EastwestTrading.Pflanzkuebel\/","article_published_time":"2016-03-30T13:14:03+00:00","article_modified_time":"2024-04-10T13:41:20+00:00","og_image":[{"width":770,"height":540,"url":"https:\/\/www.eastwest-trading.de\/blog\/wp-content\/uploads\/2013\/11\/pflanztrog-balkonkasten-eastwest-e1499097064177.jpg","type":"image\/jpeg"}],"author":"Stephan","twitter_misc":{"Verfasst von":"Stephan","Gesch\u00e4tzte Lesezeit":"4\u00a0Minuten"},"schema":{"@context":"https:\/\/schema.org","@graph":[{"@type":"Article","@id":"https:\/\/www.eastwest-trading.de\/blog\/gartenkalender\/der-fruehling-erwacht-so-werden-die-pflanzen-wieder-fit-fuer-den-garten\/#article","isPartOf":{"@id":"https:\/\/www.eastwest-trading.de\/blog\/gartenkalender\/der-fruehling-erwacht-so-werden-die-pflanzen-wieder-fit-fuer-den-garten\/"},"author":{"name":"Stephan","@id":"https:\/\/www.eastwest-trading.de\/blog\/#\/schema\/person\/91fc85a47b32465d8c1f3593d019f7f3"},"headline":"Der Fr\u00fchling erwacht","datePublished":"2016-03-30T13:14:03+00:00","dateModified":"2024-04-10T13:41:20+00:00","mainEntityOfPage":{"@id":"https:\/\/www.eastwest-trading.de\/blog\/gartenkalender\/der-fruehling-erwacht-so-werden-die-pflanzen-wieder-fit-fuer-den-garten\/"},"wordCount":605,"commentCount":0,"publisher":{"@id":"https:\/\/www.eastwest-trading.de\/blog\/#organization"},"image":{"@id":"https:\/\/www.eastwest-trading.de\/blog\/gartenkalender\/der-fruehling-erwacht-so-werden-die-pflanzen-wieder-fit-fuer-den-garten\/#primaryimage"},"thumbnailUrl":"https:\/\/www.eastwest-trading.de\/blog\/wp-content\/uploads\/2013\/11\/pflanztrog-balkonkasten-eastwest-e1499097064177.jpg","keywords":["Balkon","Fr\u00fchling","Garten","Gartenarbeit"],"articleSection":["Gartenkalender"],"inLanguage":"de","potentialAction":[{"@type":"CommentAction","name":"Comment","target":["https:\/\/www.eastwest-trading.de\/blog\/gartenkalender\/der-fruehling-erwacht-so-werden-die-pflanzen-wieder-fit-fuer-den-garten\/#respond"]}]},{"@type":"WebPage","@id":"https:\/\/www.eastwest-trading.de\/blog\/gartenkalender\/der-fruehling-erwacht-so-werden-die-pflanzen-wieder-fit-fuer-den-garten\/","url":"https:\/\/www.eastwest-trading.de\/blog\/gartenkalender\/der-fruehling-erwacht-so-werden-die-pflanzen-wieder-fit-fuer-den-garten\/","name":"Der Fr\u00fchling erwacht - Gartenpflege Tipps &amp; Ideen","isPartOf":{"@id":"https:\/\/www.eastwest-trading.de\/blog\/#website"},"primaryImageOfPage":{"@id":"https:\/\/www.eastwest-trading.de\/blog\/gartenkalender\/der-fruehling-erwacht-so-werden-die-pflanzen-wieder-fit-fuer-den-garten\/#primaryimage"},"image":{"@id":"https:\/\/www.eastwest-trading.de\/blog\/gartenkalender\/der-fruehling-erwacht-so-werden-die-pflanzen-wieder-fit-fuer-den-garten\/#primaryimage"},"thumbnailUrl":"https:\/\/www.eastwest-trading.de\/blog\/wp-content\/uploads\/2013\/11\/pflanztrog-balkonkasten-eastwest-e1499097064177.jpg","datePublished":"2016-03-30T13:14:03+00:00","dateModified":"2024-04-10T13:41:20+00:00","breadcrumb":{"@id":"https:\/\/www.eastwest-trading.de\/blog\/gartenkalender\/der-fruehling-erwacht-so-werden-die-pflanzen-wieder-fit-fuer-den-garten\/#breadcrumb"},"inLanguage":"de","potentialAction":[{"@type":"ReadAction","target":["https:\/\/www.eastwest-trading.de\/blog\/gartenkalender\/der-fruehling-erwacht-so-werden-die-pflanzen-wieder-fit-fuer-den-garten\/"]}]},{"@type":"ImageObject","inLanguage":"de","@id":"https:\/\/www.eastwest-trading.de\/blog\/gartenkalender\/der-fruehling-erwacht-so-werden-die-pflanzen-wieder-fit-fuer-den-garten\/#primaryimage","url":"https:\/\/www.eastwest-trading.de\/blog\/wp-content\/uploads\/2013\/11\/pflanztrog-balkonkasten-eastwest-e1499097064177.jpg","contentUrl":"https:\/\/www.eastwest-trading.de\/blog\/wp-content\/uploads\/2013\/11\/pflanztrog-balkonkasten-eastwest-e1499097064177.jpg","width":770,"height":540},{"@type":"BreadcrumbList","@id":"https:\/\/www.eastwest-trading.de\/blog\/gartenkalender\/der-fruehling-erwacht-so-werden-die-pflanzen-wieder-fit-fuer-den-garten\/#breadcrumb","itemListElement":[{"@type":"ListItem","position":1,"name":"Home","item":"https:\/\/www.eastwest-trading.de\/blog\/"},{"@type":"ListItem","position":2,"name":"Der Fr\u00fchling erwacht"}]},{"@type":"WebSite","@id":"https:\/\/www.eastwest-trading.de\/blog\/#website","url":"https:\/\/www.eastwest-trading.de\/blog\/","name":"Eastwest Trading","description":"","publisher":{"@id":"https:\/\/www.eastwest-trading.de\/blog\/#organization"},"potentialAction":[{"@type":"SearchAction","target":{"@type":"EntryPoint","urlTemplate":"https:\/\/www.eastwest-trading.de\/blog\/?s={search_term_string}"},"query-input":{"@type":"PropertyValueSpecification","valueRequired":true,"valueName":"search_term_string"}}],"inLanguage":"de"},{"@type":"Organization","@id":"https:\/\/www.eastwest-trading.de\/blog\/#organization","name":"Gartenpflege Tipps & Ideen","url":"https:\/\/www.eastwest-trading.de\/blog\/","logo":{"@type":"ImageObject","inLanguage":"de","@id":"https:\/\/www.eastwest-trading.de\/blog\/#\/schema\/logo\/image\/","url":"https:\/\/www.eastwest-trading.de\/blog\/wp-content\/uploads\/2017\/09\/eastwest-trading-logo-schoener-leben-mit-pflanzkuebeln.png","contentUrl":"https:\/\/www.eastwest-trading.de\/blog\/wp-content\/uploads\/2017\/09\/eastwest-trading-logo-schoener-leben-mit-pflanzkuebeln.png","width":290,"height":102,"caption":"Gartenpflege Tipps & Ideen"},"image":{"@id":"https:\/\/www.eastwest-trading.de\/blog\/#\/schema\/logo\/image\/"},"sameAs":["https:\/\/www.facebook.com\/EastwestTrading.Pflanzkuebel\/"]},{"@type":"Person","@id":"https:\/\/www.eastwest-trading.de\/blog\/#\/schema\/person\/91fc85a47b32465d8c1f3593d019f7f3","name":"Stephan","image":{"@type":"ImageObject","inLanguage":"de","@id":"https:\/\/secure.gravatar.com\/avatar\/e10e6ef4907f2b0e0e3eb2c76a118639d1e851599fdccec21fa6966e66dc8153?s=96&d=mm&r=g","url":"https:\/\/secure.gravatar.com\/avatar\/e10e6ef4907f2b0e0e3eb2c76a118639d1e851599fdccec21fa6966e66dc8153?s=96&d=mm&r=g","contentUrl":"https:\/\/secure.gravatar.com\/avatar\/e10e6ef4907f2b0e0e3eb2c76a118639d1e851599fdccec21fa6966e66dc8153?s=96&d=mm&r=g","caption":"Stephan"},"url":"https:\/\/www.eastwest-trading.de\/blog\/author\/stephan\/"}]}},"_links":{"self":[{"href":"https:\/\/www.eastwest-trading.de\/blog\/wp-json\/wp\/v2\/posts\/2733","targetHints":{"allow":["GET"]}}],"collection":[{"href":"https:\/\/www.eastwest-trading.de\/blog\/wp-json\/wp\/v2\/posts"}],"about":[{"href":"https:\/\/www.eastwest-trading.de\/blog\/wp-json\/wp\/v2\/types\/post"}],"author":[{"embeddable":true,"href":"https:\/\/www.eastwest-trading.de\/blog\/wp-json\/wp\/v2\/users\/2"}],"replies":[{"embeddable":true,"href":"https:\/\/www.eastwest-trading.de\/blog\/wp-json\/wp\/v2\/comments?post=2733"}],"version-history":[{"count":2,"href":"https:\/\/www.eastwest-trading.de\/blog\/wp-json\/wp\/v2\/posts\/2733\/revisions"}],"predecessor-version":[{"id":4674,"href":"https:\/\/www.eastwest-trading.de\/blog\/wp-json\/wp\/v2\/posts\/2733\/revisions\/4674"}],"wp:featuredmedia":[{"embeddable":true,"href":"https:\/\/www.eastwest-trading.de\/blog\/wp-json\/wp\/v2\/media\/2038"}],"wp:attachment":[{"href":"https:\/\/www.eastwest-trading.de\/blog\/wp-json\/wp\/v2\/media?parent=2733"}],"wp:term":[{"taxonomy":"category","embeddable":true,"href":"https:\/\/www.eastwest-trading.de\/blog\/wp-json\/wp\/v2\/categories?post=2733"},{"taxonomy":"post_tag","embeddable":true,"href":"https:\/\/www.eastwest-trading.de\/blog\/wp-json\/wp\/v2\/tags?post=2733"}],"curies":[{"name":"wp","href":"https:\/\/api.w.org\/{rel}","templated":true}]}}