{"id":2401,"date":"2014-10-12T13:13:22","date_gmt":"2014-10-12T12:13:22","guid":{"rendered":"http:\/\/blog.eastwest-trading.de\/?p=2401"},"modified":"2018-03-28T10:41:20","modified_gmt":"2018-03-28T09:41:20","slug":"bereiten-sie-den-garten-richtig-auf-herbst-und-winter-vor","status":"publish","type":"post","link":"https:\/\/www.eastwest-trading.de\/blog\/gartenkalender\/bereiten-sie-den-garten-richtig-auf-herbst-und-winter-vor\/","title":{"rendered":"So bereiten Sie den Garten richtig auf Herbst und Winter vor"},"content":{"rendered":"<article class=\"entry-content\"><p>Im Garten gibt es immer etwas zu tun \u2013 besonders im Herbst. Der Endspurt vor der kalten Jahreszeit beginnt und Pflanzen, Geh\u00f6lze und Gartenm\u00f6bel sollten f\u00fcr den Winter vorbereitet werden.<\/p>\n<p><strong>Die richtige Rasenpflege<\/strong><\/p>\n<p>Aber eins nach dem anderen. Beginnen wir bei der Rasenpflege: Der Rasen will nochmal gem\u00e4ht werden. Gem\u00e4ht wird, solange das Gras emsig w\u00e4chst, aber nicht tiefer als 5 cm. Wichtig ist, dass Laub vom Rasen entfernt wird. Dazu eignet sich ein hoch eingestellter Rasenm\u00e4her. Den Rasen noch einmal d\u00fcngen ist nicht verkehrt, aber nur mit Patentkali, einem D\u00fcnger, der Kalium, Magnesium und Schwefel enth\u00e4lt und den Rasen optimal auf den Winter vorbereitet.<\/p>\n<p><strong>Laub sammeln und wiederverwenden<\/strong><\/p>\n<p>Auch die Beete m\u00fcssen auf den Winter vorbereitet werden. Einen guten Winterschutz bieten die herabfallenden Bl\u00e4tter, sie m\u00fcssen vom Beet nicht abger\u00e4umt werden. \u201eDies belebt das Bodenleben, davon leben W\u00fcrmer und Insekten\u201c, sagt die Eastwest-Mitarbeiterin Ellen P\u00f6hner. Meist sei von den Bl\u00e4ttern im Fr\u00fchjahr nur noch wenig zu sehen. G\u00fcnstig sei es, die Bl\u00e4tter zu zerkleinern und daf\u00fcr eigne sich z.B. ein Rasenm\u00e4her. \u201eWenn man das Laub mit Reisig beschwert, kann nichts davonfliegen\u201c, so P\u00f6hner. Wichtig sei es, dass weiterverwendetes Laub gesund sei. Bl\u00e4tter von kranken B\u00e4umen und Str\u00e4uchern m\u00fcssten entsorgt werden. Pilze und andere Krankheiten k\u00f6nnten sich sonst weit ausbreiten: \u201eDie Sporen \u00fcberwintern im Boden und befallen die Pflanzen im Fr\u00fchjahr gleich wieder.\u201c Und wem das Blattwerk auf den Beeten nicht gefalle: Auf dem Kompost entsteht aus dem Laub schnell ein hervorragender Humus. A propos: Die Arbeit erleichtern zahlreiche Ger\u00e4te und Werkzeuge f\u00fcr die Gartenarbeit wie Rechen, Astscheren, Handschuhe, Hacken \u00a0&#8211; alles zu finden im Eastwest-Shop in <a title=\"N\u00fctzliche werkzeuge f\u00fcr die gartenarbeit\" href=\"https:\/\/www.eastwest-trading.de\/Gartenzubehoer\/\" target=\"_blank\">der Rubrik \u201eGartenzubeh\u00f6r\u201c<\/a>.<\/p>\n<p><strong>Staudenbeet winterfest machen<\/strong><\/p>\n<p>Die meisten Stauden und Gr\u00e4ser werden im Herbst nicht zur\u00fcckgeschnitten. Alles, was Samen tr\u00e4gt, kann stehen gelassen werden. \u201eDavon leben im Winter die V\u00f6gel wie zum Beispiel die K\u00f6rnerfresser\u201c, erkl\u00e4rt die Eastwest-Beraterin Alexandra Bayerl. Gr\u00e4ser sollten demnach erst im Fr\u00fchjahr geschnitten werden. Des Weiteren gelte es, alles Unkraut zu entfernen, \u201esonst hat man im Fr\u00fchjahr ein ganzes Unkrautheer zu bek\u00e4mpfen\u201c, so Bayerl. Hilfreich beim Unkrautziehen seien J\u00e4ter, Hacken und Unkrautstecher (wie <a title=\"tolle Gartenger\u00e4te von Fiskars\" href=\"https:\/\/www.eastwest-trading.de\/Gartenzubehoer\/FISKARS\/\" target=\"_blank\">von FISKARS<\/a>, siehe \u201eGartenzubeh\u00f6r\u201c). \u00dcbrigens: Nicht winterfeste Knollen m\u00fcssen nach dem ersten Nachtfrost ausgegraben und im Keller \u00fcberwintert werden. Zug um Zug k\u00f6nnen dann auch schon die Blumenzwiebel f\u00fcr den Fr\u00fchling gesetzt werden.<\/p>\n<p><strong>Schnittma\u00dfnahmen<\/strong><br \/>\nMit dem Schneiden wartet man, bis das Laub abgefallen ist. Gr\u00f6\u00dfere Heckenschnitte kann man mit einer Heckenschere erledigen. Rosen schneidet man im Herbst nur leicht. Der Hauptschnitt erfolgt besser im Fr\u00fchjahr. Geschnitten wird mit einer Rosenschere. Winterharte Pflanzen k\u00f6nnen auch in der kalten Jahreszeit drau\u00dfen bleiben. Hier sollten Sie den <a title=\"praktische Pflanzk\u00fcbel\" href=\"https:\/\/www.eastwest-trading.de\/Pflanzkuebel-Pflanztroege\/Pflanzkuebel-Kunststoff\/\" target=\"_blank\">Pflanzk\u00fcbel aus Fiberglas oder Kunststoff<\/a> isolieren um den Wurzelballen vor Frost zu sch\u00fctzen. Dazu eignet sich <a title=\"Vlies als Pflanzenschutz f\u00fcr den winter\" href=\"https:\/\/www.eastwest-trading.de\/Gartenzubehoer\/Frostschutz-Vlies-fuer-Pflanzen\/\" target=\"_blank\">ein Vlies<\/a>, Luftpolsterfolie, Styropor oder Stroh. Um dies optisch sch\u00f6ner zu gestalten k\u00f6nnen Sie die Isolierung mit Kokosmatten oder Strohmatten umwickeln.<\/p>\n<p><strong>Wasserbeh\u00e4lter und \u2013leitungen leeren<\/strong><br \/>\nDie Regenwasserauffangbeh\u00e4lter m\u00fcssen entleert werden, damit Wasser nicht gefrieren kann und durch die Ausdehnung das Gef\u00e4\u00df zum Platzen bringt. Auch muss der Zulauf f\u00fcr die Au\u00dfen-Wasserleitung gesperrt werden! Alle Leitungen entleeren!<\/p>\n<p><strong>Gartenm\u00f6bel einlagern<\/strong><br \/>\nVor dem Einlagern die M\u00f6bel auf Sch\u00e4den untersuchen und gegebenenfalls reparieren. M\u00f6bel Idealerweise im Keller, Schuppen oder der Garage unterbringen. M\u00f6bel, die drau\u00dfen \u00fcberwintern, durch Abdeckhauben oder Folien sch\u00fctzen! Holzm\u00f6bel nicht auf Rasen oder Erde abstellen, die Feuchtigkeit von unten schadet ihnen. Holzm\u00f6bel am besten mit speziellen Holz\u00f6len bearbeiten.<\/p>\n<p>Alles erledigt? Dann kann der Winter ja kommen \u2026<\/p>\n<\/article>","protected":false},"excerpt":{"rendered":"<p>Im Garten gibt es immer etwas zu tun \u2013 besonders im Herbst. Der Endspurt vor der kalten Jahreszeit beginnt und Pflanzen, Geh\u00f6lze und Gartenm\u00f6bel&#8230;<\/p>\n","protected":false},"author":2,"featured_media":2406,"comment_status":"open","ping_status":"open","sticky":false,"template":"","format":"standard","meta":{"footnotes":""},"categories":[518],"tags":[314,247,353],"class_list":["post-2401","post","type-post","status-publish","format-standard","has-post-thumbnail","hentry","category-gartenkalender","tag-pflanzkubel-kunststoff","tag-vlies","tag-wintervlies","post-item","post-even"],"yoast_head":"<!-- This site is optimized with the Yoast SEO plugin v27.5 - https:\/\/yoast.com\/product\/yoast-seo-wordpress\/ -->\n<title>So bereiten Sie den Garten richtig auf Herbst und Winter vor - Gartenpflege Tipps &amp; Ideen<\/title>\n<meta name=\"robots\" content=\"index, follow, max-snippet:-1, max-image-preview:large, max-video-preview:-1\" \/>\n<link rel=\"canonical\" href=\"https:\/\/www.eastwest-trading.de\/blog\/gartenkalender\/bereiten-sie-den-garten-richtig-auf-herbst-und-winter-vor\/\" \/>\n<meta property=\"og:locale\" content=\"de_DE\" \/>\n<meta property=\"og:type\" content=\"article\" \/>\n<meta property=\"og:title\" content=\"So bereiten Sie den Garten richtig auf Herbst und Winter vor - Gartenpflege Tipps &amp; Ideen\" \/>\n<meta property=\"og:description\" content=\"Im Garten gibt es immer etwas zu tun \u2013 besonders im Herbst. Der Endspurt vor der kalten Jahreszeit beginnt und Pflanzen, Geh\u00f6lze und Gartenm\u00f6bel...\" \/>\n<meta property=\"og:url\" content=\"https:\/\/www.eastwest-trading.de\/blog\/gartenkalender\/bereiten-sie-den-garten-richtig-auf-herbst-und-winter-vor\/\" \/>\n<meta property=\"og:site_name\" content=\"Gartenpflege Tipps &amp; Ideen\" \/>\n<meta property=\"article:publisher\" content=\"https:\/\/www.facebook.com\/EastwestTrading.Pflanzkuebel\/\" \/>\n<meta property=\"article:published_time\" content=\"2014-10-12T12:13:22+00:00\" \/>\n<meta property=\"article:modified_time\" content=\"2018-03-28T09:41:20+00:00\" \/>\n<meta property=\"og:image\" content=\"https:\/\/www.eastwest-trading.de\/blog\/wp-content\/uploads\/2014\/10\/wintervlies-eastwest-e1499097250524.jpg\" \/>\n\t<meta property=\"og:image:width\" content=\"770\" \/>\n\t<meta property=\"og:image:height\" content=\"540\" \/>\n\t<meta property=\"og:image:type\" content=\"image\/jpeg\" \/>\n<meta name=\"author\" content=\"Stephan\" \/>\n<meta name=\"twitter:label1\" content=\"Verfasst von\" \/>\n\t<meta name=\"twitter:data1\" content=\"Stephan\" \/>\n\t<meta name=\"twitter:label2\" content=\"Gesch\u00e4tzte Lesezeit\" \/>\n\t<meta name=\"twitter:data2\" content=\"3\u00a0Minuten\" \/>\n<script type=\"application\/ld+json\" class=\"yoast-schema-graph\">{\"@context\":\"https:\\\/\\\/schema.org\",\"@graph\":[{\"@type\":\"Article\",\"@id\":\"https:\\\/\\\/www.eastwest-trading.de\\\/blog\\\/gartenkalender\\\/bereiten-sie-den-garten-richtig-auf-herbst-und-winter-vor\\\/#article\",\"isPartOf\":{\"@id\":\"https:\\\/\\\/www.eastwest-trading.de\\\/blog\\\/gartenkalender\\\/bereiten-sie-den-garten-richtig-auf-herbst-und-winter-vor\\\/\"},\"author\":{\"name\":\"Stephan\",\"@id\":\"https:\\\/\\\/www.eastwest-trading.de\\\/blog\\\/#\\\/schema\\\/person\\\/91fc85a47b32465d8c1f3593d019f7f3\"},\"headline\":\"So bereiten Sie den Garten richtig auf Herbst und Winter vor\",\"datePublished\":\"2014-10-12T12:13:22+00:00\",\"dateModified\":\"2018-03-28T09:41:20+00:00\",\"mainEntityOfPage\":{\"@id\":\"https:\\\/\\\/www.eastwest-trading.de\\\/blog\\\/gartenkalender\\\/bereiten-sie-den-garten-richtig-auf-herbst-und-winter-vor\\\/\"},\"wordCount\":641,\"commentCount\":0,\"publisher\":{\"@id\":\"https:\\\/\\\/www.eastwest-trading.de\\\/blog\\\/#organization\"},\"image\":{\"@id\":\"https:\\\/\\\/www.eastwest-trading.de\\\/blog\\\/gartenkalender\\\/bereiten-sie-den-garten-richtig-auf-herbst-und-winter-vor\\\/#primaryimage\"},\"thumbnailUrl\":\"https:\\\/\\\/www.eastwest-trading.de\\\/blog\\\/wp-content\\\/uploads\\\/2014\\\/10\\\/wintervlies-eastwest-e1499097250524.jpg\",\"keywords\":[\"Pflanzk\u00fcbel Kunststoff\",\"Vlies\",\"Wintervlies\"],\"articleSection\":[\"Gartenkalender\"],\"inLanguage\":\"de\",\"potentialAction\":[{\"@type\":\"CommentAction\",\"name\":\"Comment\",\"target\":[\"https:\\\/\\\/www.eastwest-trading.de\\\/blog\\\/gartenkalender\\\/bereiten-sie-den-garten-richtig-auf-herbst-und-winter-vor\\\/#respond\"]}]},{\"@type\":\"WebPage\",\"@id\":\"https:\\\/\\\/www.eastwest-trading.de\\\/blog\\\/gartenkalender\\\/bereiten-sie-den-garten-richtig-auf-herbst-und-winter-vor\\\/\",\"url\":\"https:\\\/\\\/www.eastwest-trading.de\\\/blog\\\/gartenkalender\\\/bereiten-sie-den-garten-richtig-auf-herbst-und-winter-vor\\\/\",\"name\":\"So bereiten Sie den Garten richtig auf Herbst und Winter vor - Gartenpflege Tipps &amp; Ideen\",\"isPartOf\":{\"@id\":\"https:\\\/\\\/www.eastwest-trading.de\\\/blog\\\/#website\"},\"primaryImageOfPage\":{\"@id\":\"https:\\\/\\\/www.eastwest-trading.de\\\/blog\\\/gartenkalender\\\/bereiten-sie-den-garten-richtig-auf-herbst-und-winter-vor\\\/#primaryimage\"},\"image\":{\"@id\":\"https:\\\/\\\/www.eastwest-trading.de\\\/blog\\\/gartenkalender\\\/bereiten-sie-den-garten-richtig-auf-herbst-und-winter-vor\\\/#primaryimage\"},\"thumbnailUrl\":\"https:\\\/\\\/www.eastwest-trading.de\\\/blog\\\/wp-content\\\/uploads\\\/2014\\\/10\\\/wintervlies-eastwest-e1499097250524.jpg\",\"datePublished\":\"2014-10-12T12:13:22+00:00\",\"dateModified\":\"2018-03-28T09:41:20+00:00\",\"breadcrumb\":{\"@id\":\"https:\\\/\\\/www.eastwest-trading.de\\\/blog\\\/gartenkalender\\\/bereiten-sie-den-garten-richtig-auf-herbst-und-winter-vor\\\/#breadcrumb\"},\"inLanguage\":\"de\",\"potentialAction\":[{\"@type\":\"ReadAction\",\"target\":[\"https:\\\/\\\/www.eastwest-trading.de\\\/blog\\\/gartenkalender\\\/bereiten-sie-den-garten-richtig-auf-herbst-und-winter-vor\\\/\"]}]},{\"@type\":\"ImageObject\",\"inLanguage\":\"de\",\"@id\":\"https:\\\/\\\/www.eastwest-trading.de\\\/blog\\\/gartenkalender\\\/bereiten-sie-den-garten-richtig-auf-herbst-und-winter-vor\\\/#primaryimage\",\"url\":\"https:\\\/\\\/www.eastwest-trading.de\\\/blog\\\/wp-content\\\/uploads\\\/2014\\\/10\\\/wintervlies-eastwest-e1499097250524.jpg\",\"contentUrl\":\"https:\\\/\\\/www.eastwest-trading.de\\\/blog\\\/wp-content\\\/uploads\\\/2014\\\/10\\\/wintervlies-eastwest-e1499097250524.jpg\",\"width\":770,\"height\":540},{\"@type\":\"BreadcrumbList\",\"@id\":\"https:\\\/\\\/www.eastwest-trading.de\\\/blog\\\/gartenkalender\\\/bereiten-sie-den-garten-richtig-auf-herbst-und-winter-vor\\\/#breadcrumb\",\"itemListElement\":[{\"@type\":\"ListItem\",\"position\":1,\"name\":\"Home\",\"item\":\"https:\\\/\\\/www.eastwest-trading.de\\\/blog\\\/\"},{\"@type\":\"ListItem\",\"position\":2,\"name\":\"So bereiten Sie den Garten richtig auf Herbst und Winter vor\"}]},{\"@type\":\"WebSite\",\"@id\":\"https:\\\/\\\/www.eastwest-trading.de\\\/blog\\\/#website\",\"url\":\"https:\\\/\\\/www.eastwest-trading.de\\\/blog\\\/\",\"name\":\"Eastwest Trading\",\"description\":\"\",\"publisher\":{\"@id\":\"https:\\\/\\\/www.eastwest-trading.de\\\/blog\\\/#organization\"},\"potentialAction\":[{\"@type\":\"SearchAction\",\"target\":{\"@type\":\"EntryPoint\",\"urlTemplate\":\"https:\\\/\\\/www.eastwest-trading.de\\\/blog\\\/?s={search_term_string}\"},\"query-input\":{\"@type\":\"PropertyValueSpecification\",\"valueRequired\":true,\"valueName\":\"search_term_string\"}}],\"inLanguage\":\"de\"},{\"@type\":\"Organization\",\"@id\":\"https:\\\/\\\/www.eastwest-trading.de\\\/blog\\\/#organization\",\"name\":\"Gartenpflege Tipps & Ideen\",\"url\":\"https:\\\/\\\/www.eastwest-trading.de\\\/blog\\\/\",\"logo\":{\"@type\":\"ImageObject\",\"inLanguage\":\"de\",\"@id\":\"https:\\\/\\\/www.eastwest-trading.de\\\/blog\\\/#\\\/schema\\\/logo\\\/image\\\/\",\"url\":\"https:\\\/\\\/www.eastwest-trading.de\\\/blog\\\/wp-content\\\/uploads\\\/2017\\\/09\\\/eastwest-trading-logo-schoener-leben-mit-pflanzkuebeln.png\",\"contentUrl\":\"https:\\\/\\\/www.eastwest-trading.de\\\/blog\\\/wp-content\\\/uploads\\\/2017\\\/09\\\/eastwest-trading-logo-schoener-leben-mit-pflanzkuebeln.png\",\"width\":290,\"height\":102,\"caption\":\"Gartenpflege Tipps & Ideen\"},\"image\":{\"@id\":\"https:\\\/\\\/www.eastwest-trading.de\\\/blog\\\/#\\\/schema\\\/logo\\\/image\\\/\"},\"sameAs\":[\"https:\\\/\\\/www.facebook.com\\\/EastwestTrading.Pflanzkuebel\\\/\"]},{\"@type\":\"Person\",\"@id\":\"https:\\\/\\\/www.eastwest-trading.de\\\/blog\\\/#\\\/schema\\\/person\\\/91fc85a47b32465d8c1f3593d019f7f3\",\"name\":\"Stephan\",\"image\":{\"@type\":\"ImageObject\",\"inLanguage\":\"de\",\"@id\":\"https:\\\/\\\/secure.gravatar.com\\\/avatar\\\/e10e6ef4907f2b0e0e3eb2c76a118639d1e851599fdccec21fa6966e66dc8153?s=96&d=mm&r=g\",\"url\":\"https:\\\/\\\/secure.gravatar.com\\\/avatar\\\/e10e6ef4907f2b0e0e3eb2c76a118639d1e851599fdccec21fa6966e66dc8153?s=96&d=mm&r=g\",\"contentUrl\":\"https:\\\/\\\/secure.gravatar.com\\\/avatar\\\/e10e6ef4907f2b0e0e3eb2c76a118639d1e851599fdccec21fa6966e66dc8153?s=96&d=mm&r=g\",\"caption\":\"Stephan\"},\"url\":\"https:\\\/\\\/www.eastwest-trading.de\\\/blog\\\/author\\\/stephan\\\/\"}]}<\/script>\n<!-- \/ Yoast SEO plugin. -->","yoast_head_json":{"title":"So bereiten Sie den Garten richtig auf Herbst und Winter vor - Gartenpflege Tipps &amp; Ideen","robots":{"index":"index","follow":"follow","max-snippet":"max-snippet:-1","max-image-preview":"max-image-preview:large","max-video-preview":"max-video-preview:-1"},"canonical":"https:\/\/www.eastwest-trading.de\/blog\/gartenkalender\/bereiten-sie-den-garten-richtig-auf-herbst-und-winter-vor\/","og_locale":"de_DE","og_type":"article","og_title":"So bereiten Sie den Garten richtig auf Herbst und Winter vor - Gartenpflege Tipps &amp; Ideen","og_description":"Im Garten gibt es immer etwas zu tun \u2013 besonders im Herbst. Der Endspurt vor der kalten Jahreszeit beginnt und Pflanzen, Geh\u00f6lze und Gartenm\u00f6bel...","og_url":"https:\/\/www.eastwest-trading.de\/blog\/gartenkalender\/bereiten-sie-den-garten-richtig-auf-herbst-und-winter-vor\/","og_site_name":"Gartenpflege Tipps &amp; Ideen","article_publisher":"https:\/\/www.facebook.com\/EastwestTrading.Pflanzkuebel\/","article_published_time":"2014-10-12T12:13:22+00:00","article_modified_time":"2018-03-28T09:41:20+00:00","og_image":[{"width":770,"height":540,"url":"https:\/\/www.eastwest-trading.de\/blog\/wp-content\/uploads\/2014\/10\/wintervlies-eastwest-e1499097250524.jpg","type":"image\/jpeg"}],"author":"Stephan","twitter_misc":{"Verfasst von":"Stephan","Gesch\u00e4tzte Lesezeit":"3\u00a0Minuten"},"schema":{"@context":"https:\/\/schema.org","@graph":[{"@type":"Article","@id":"https:\/\/www.eastwest-trading.de\/blog\/gartenkalender\/bereiten-sie-den-garten-richtig-auf-herbst-und-winter-vor\/#article","isPartOf":{"@id":"https:\/\/www.eastwest-trading.de\/blog\/gartenkalender\/bereiten-sie-den-garten-richtig-auf-herbst-und-winter-vor\/"},"author":{"name":"Stephan","@id":"https:\/\/www.eastwest-trading.de\/blog\/#\/schema\/person\/91fc85a47b32465d8c1f3593d019f7f3"},"headline":"So bereiten Sie den Garten richtig auf Herbst und Winter vor","datePublished":"2014-10-12T12:13:22+00:00","dateModified":"2018-03-28T09:41:20+00:00","mainEntityOfPage":{"@id":"https:\/\/www.eastwest-trading.de\/blog\/gartenkalender\/bereiten-sie-den-garten-richtig-auf-herbst-und-winter-vor\/"},"wordCount":641,"commentCount":0,"publisher":{"@id":"https:\/\/www.eastwest-trading.de\/blog\/#organization"},"image":{"@id":"https:\/\/www.eastwest-trading.de\/blog\/gartenkalender\/bereiten-sie-den-garten-richtig-auf-herbst-und-winter-vor\/#primaryimage"},"thumbnailUrl":"https:\/\/www.eastwest-trading.de\/blog\/wp-content\/uploads\/2014\/10\/wintervlies-eastwest-e1499097250524.jpg","keywords":["Pflanzk\u00fcbel Kunststoff","Vlies","Wintervlies"],"articleSection":["Gartenkalender"],"inLanguage":"de","potentialAction":[{"@type":"CommentAction","name":"Comment","target":["https:\/\/www.eastwest-trading.de\/blog\/gartenkalender\/bereiten-sie-den-garten-richtig-auf-herbst-und-winter-vor\/#respond"]}]},{"@type":"WebPage","@id":"https:\/\/www.eastwest-trading.de\/blog\/gartenkalender\/bereiten-sie-den-garten-richtig-auf-herbst-und-winter-vor\/","url":"https:\/\/www.eastwest-trading.de\/blog\/gartenkalender\/bereiten-sie-den-garten-richtig-auf-herbst-und-winter-vor\/","name":"So bereiten Sie den Garten richtig auf Herbst und Winter vor - Gartenpflege Tipps &amp; Ideen","isPartOf":{"@id":"https:\/\/www.eastwest-trading.de\/blog\/#website"},"primaryImageOfPage":{"@id":"https:\/\/www.eastwest-trading.de\/blog\/gartenkalender\/bereiten-sie-den-garten-richtig-auf-herbst-und-winter-vor\/#primaryimage"},"image":{"@id":"https:\/\/www.eastwest-trading.de\/blog\/gartenkalender\/bereiten-sie-den-garten-richtig-auf-herbst-und-winter-vor\/#primaryimage"},"thumbnailUrl":"https:\/\/www.eastwest-trading.de\/blog\/wp-content\/uploads\/2014\/10\/wintervlies-eastwest-e1499097250524.jpg","datePublished":"2014-10-12T12:13:22+00:00","dateModified":"2018-03-28T09:41:20+00:00","breadcrumb":{"@id":"https:\/\/www.eastwest-trading.de\/blog\/gartenkalender\/bereiten-sie-den-garten-richtig-auf-herbst-und-winter-vor\/#breadcrumb"},"inLanguage":"de","potentialAction":[{"@type":"ReadAction","target":["https:\/\/www.eastwest-trading.de\/blog\/gartenkalender\/bereiten-sie-den-garten-richtig-auf-herbst-und-winter-vor\/"]}]},{"@type":"ImageObject","inLanguage":"de","@id":"https:\/\/www.eastwest-trading.de\/blog\/gartenkalender\/bereiten-sie-den-garten-richtig-auf-herbst-und-winter-vor\/#primaryimage","url":"https:\/\/www.eastwest-trading.de\/blog\/wp-content\/uploads\/2014\/10\/wintervlies-eastwest-e1499097250524.jpg","contentUrl":"https:\/\/www.eastwest-trading.de\/blog\/wp-content\/uploads\/2014\/10\/wintervlies-eastwest-e1499097250524.jpg","width":770,"height":540},{"@type":"BreadcrumbList","@id":"https:\/\/www.eastwest-trading.de\/blog\/gartenkalender\/bereiten-sie-den-garten-richtig-auf-herbst-und-winter-vor\/#breadcrumb","itemListElement":[{"@type":"ListItem","position":1,"name":"Home","item":"https:\/\/www.eastwest-trading.de\/blog\/"},{"@type":"ListItem","position":2,"name":"So bereiten Sie den Garten richtig auf Herbst und Winter vor"}]},{"@type":"WebSite","@id":"https:\/\/www.eastwest-trading.de\/blog\/#website","url":"https:\/\/www.eastwest-trading.de\/blog\/","name":"Eastwest Trading","description":"","publisher":{"@id":"https:\/\/www.eastwest-trading.de\/blog\/#organization"},"potentialAction":[{"@type":"SearchAction","target":{"@type":"EntryPoint","urlTemplate":"https:\/\/www.eastwest-trading.de\/blog\/?s={search_term_string}"},"query-input":{"@type":"PropertyValueSpecification","valueRequired":true,"valueName":"search_term_string"}}],"inLanguage":"de"},{"@type":"Organization","@id":"https:\/\/www.eastwest-trading.de\/blog\/#organization","name":"Gartenpflege Tipps & Ideen","url":"https:\/\/www.eastwest-trading.de\/blog\/","logo":{"@type":"ImageObject","inLanguage":"de","@id":"https:\/\/www.eastwest-trading.de\/blog\/#\/schema\/logo\/image\/","url":"https:\/\/www.eastwest-trading.de\/blog\/wp-content\/uploads\/2017\/09\/eastwest-trading-logo-schoener-leben-mit-pflanzkuebeln.png","contentUrl":"https:\/\/www.eastwest-trading.de\/blog\/wp-content\/uploads\/2017\/09\/eastwest-trading-logo-schoener-leben-mit-pflanzkuebeln.png","width":290,"height":102,"caption":"Gartenpflege Tipps & Ideen"},"image":{"@id":"https:\/\/www.eastwest-trading.de\/blog\/#\/schema\/logo\/image\/"},"sameAs":["https:\/\/www.facebook.com\/EastwestTrading.Pflanzkuebel\/"]},{"@type":"Person","@id":"https:\/\/www.eastwest-trading.de\/blog\/#\/schema\/person\/91fc85a47b32465d8c1f3593d019f7f3","name":"Stephan","image":{"@type":"ImageObject","inLanguage":"de","@id":"https:\/\/secure.gravatar.com\/avatar\/e10e6ef4907f2b0e0e3eb2c76a118639d1e851599fdccec21fa6966e66dc8153?s=96&d=mm&r=g","url":"https:\/\/secure.gravatar.com\/avatar\/e10e6ef4907f2b0e0e3eb2c76a118639d1e851599fdccec21fa6966e66dc8153?s=96&d=mm&r=g","contentUrl":"https:\/\/secure.gravatar.com\/avatar\/e10e6ef4907f2b0e0e3eb2c76a118639d1e851599fdccec21fa6966e66dc8153?s=96&d=mm&r=g","caption":"Stephan"},"url":"https:\/\/www.eastwest-trading.de\/blog\/author\/stephan\/"}]}},"_links":{"self":[{"href":"https:\/\/www.eastwest-trading.de\/blog\/wp-json\/wp\/v2\/posts\/2401","targetHints":{"allow":["GET"]}}],"collection":[{"href":"https:\/\/www.eastwest-trading.de\/blog\/wp-json\/wp\/v2\/posts"}],"about":[{"href":"https:\/\/www.eastwest-trading.de\/blog\/wp-json\/wp\/v2\/types\/post"}],"author":[{"embeddable":true,"href":"https:\/\/www.eastwest-trading.de\/blog\/wp-json\/wp\/v2\/users\/2"}],"replies":[{"embeddable":true,"href":"https:\/\/www.eastwest-trading.de\/blog\/wp-json\/wp\/v2\/comments?post=2401"}],"version-history":[{"count":7,"href":"https:\/\/www.eastwest-trading.de\/blog\/wp-json\/wp\/v2\/posts\/2401\/revisions"}],"predecessor-version":[{"id":2409,"href":"https:\/\/www.eastwest-trading.de\/blog\/wp-json\/wp\/v2\/posts\/2401\/revisions\/2409"}],"wp:featuredmedia":[{"embeddable":true,"href":"https:\/\/www.eastwest-trading.de\/blog\/wp-json\/wp\/v2\/media\/2406"}],"wp:attachment":[{"href":"https:\/\/www.eastwest-trading.de\/blog\/wp-json\/wp\/v2\/media?parent=2401"}],"wp:term":[{"taxonomy":"category","embeddable":true,"href":"https:\/\/www.eastwest-trading.de\/blog\/wp-json\/wp\/v2\/categories?post=2401"},{"taxonomy":"post_tag","embeddable":true,"href":"https:\/\/www.eastwest-trading.de\/blog\/wp-json\/wp\/v2\/tags?post=2401"}],"curies":[{"name":"wp","href":"https:\/\/api.w.org\/{rel}","templated":true}]}}