{"id":1395,"date":"2013-03-08T07:53:00","date_gmt":"2013-03-08T06:53:00","guid":{"rendered":"http:\/\/blog.eastwest-trading.de\/?p=1395"},"modified":"2018-03-28T10:42:27","modified_gmt":"2018-03-28T09:42:27","slug":"bald-regt-sich-leben-im-garten-teil-2-was-jetzt-getan-werden-sollte","status":"publish","type":"post","link":"https:\/\/www.eastwest-trading.de\/blog\/gartenkalender\/bald-regt-sich-leben-im-garten-teil-2-was-jetzt-getan-werden-sollte\/","title":{"rendered":"Bald regt sich Leben im Garten (Teil 2): Was jetzt getan werden sollte"},"content":{"rendered":"<article class=\"entry-content\"><p>Das Wichtigste vorab: Nach der Winterruhe ist es jetzt an der Zeit, die B\u00e4ume auszuputzen und \u00c4ste abzus\u00e4gen, bevor die S\u00e4fte im Baum emporsteigen &#8211; um es etwas salopp auszudr\u00fccken. Zudem k\u00f6nnen verbl\u00fchte Stauden abgeschnitten werden, \u201eaber blo\u00df keine Pflanzungen\u201c, wie es in einem Gartenblog hei\u00dft. Das geeignete Ger\u00e4t f\u00fcr die Ausputzaktionen f\u00fchrt Eastwest in seinem Sortiment: Hilfreich sind hier <a title=\"praktische rote Armschoner\" href=\"https:\/\/www.eastwest-trading.de\/Gartenzubehoer\/Handschuhe\/Armschuetzer-Gartengeraete-Gartenzubehoer-1-Paar-schuetzt-bei-Gartenarbeit.html\" target=\"_blank\"><b>Armschoner<\/b><\/a> und <a title=\"n\u00fctzliche Knieschoner\" href=\"https:\/\/www.eastwest-trading.de\/Gartenzubehoer\/Handschuhe\/Knieschoner-Gartengeraete-federleicht-und-schnell-anwendbar.html\" target=\"_blank\"><b>Knieschoner<\/b><\/a> und auch die diversen Gartenscheren. F\u00fcr h\u00f6here \u00c4ste eignet sich beispielsweise die <a title=\"tolle Astschere\" href=\"https:\/\/www.eastwest-trading.de\/Gartenzubehoer\/Gartenscheren\/Astschere-Jumbo-Gartenschere-Teleskoparme-L-63-bis-100cm.html\" target=\"_blank\"><b>Gartenschere Jumbo mit Teleskoparmen<\/b>.<\/a><\/p>\n<p>Frostempfindliche Gew\u00e4chse geh\u00f6ren jetzt also definitiv noch nicht auf die Terrasse und in den Garten. Der Grund ist einfach: In der Nacht kommt es bisweilen noch zu harten Fr\u00f6sten und selbst vor Wintereinbr\u00fcchen ist man nicht sicher \u2013 wie er etwa f\u00fcr das kommende Wochenende vorausgesagt wird. Die Zeit f\u00fcr Geranien, Petunien oder Palmen ist also noch nicht gekommen. Gleichwohl k\u00f6nnen die repr\u00e4sentativen Pflanzk\u00fcbel und Blumentr\u00f6ge auf der Terrasse schon bereit gestellt werden (siehe Foto). Und sie k\u00f6nnen sogar schon in gewissem Rahmen genutzt werden. Geeignet sind Stiefm\u00fctterchen, Bellis, Narzissen und Tulpen. Und wer bereits Buchs pflanzen m\u00f6chte \u2013 kein Problem. \u201eWichtig ist hier, dass die Blumenk\u00fcbel daf\u00fcr nicht zu klein sind\u201c, sagt der Eastwest-Inhaber Stephan Hack.<\/p>\n<\/article>","protected":false},"excerpt":{"rendered":"<p>Das Wichtigste vorab: Nach der Winterruhe ist es jetzt an der Zeit, die B\u00e4ume auszuputzen und \u00c4ste abzus\u00e4gen, bevor die S\u00e4fte im Baum emporsteigen&#8230;<\/p>\n","protected":false},"author":2,"featured_media":1397,"comment_status":"open","ping_status":"open","sticky":false,"template":"","format":"standard","meta":{"footnotes":""},"categories":[518],"tags":[],"class_list":["post-1395","post","type-post","status-publish","format-standard","has-post-thumbnail","hentry","category-gartenkalender","post-item","post-even"],"yoast_head":"<!-- This site is optimized with the Yoast SEO plugin v27.5 - https:\/\/yoast.com\/product\/yoast-seo-wordpress\/ -->\n<title>Bald regt sich Leben im Garten (Teil 2): Was jetzt getan werden sollte - Gartenpflege Tipps &amp; Ideen<\/title>\n<meta name=\"robots\" content=\"index, follow, max-snippet:-1, max-image-preview:large, max-video-preview:-1\" \/>\n<link rel=\"canonical\" href=\"https:\/\/www.eastwest-trading.de\/blog\/gartenkalender\/bald-regt-sich-leben-im-garten-teil-2-was-jetzt-getan-werden-sollte\/\" \/>\n<meta property=\"og:locale\" content=\"de_DE\" \/>\n<meta property=\"og:type\" content=\"article\" \/>\n<meta property=\"og:title\" content=\"Bald regt sich Leben im Garten (Teil 2): Was jetzt getan werden sollte - Gartenpflege Tipps &amp; Ideen\" \/>\n<meta property=\"og:description\" content=\"Das Wichtigste vorab: Nach der Winterruhe ist es jetzt an der Zeit, die B\u00e4ume auszuputzen und \u00c4ste abzus\u00e4gen, bevor die S\u00e4fte im Baum emporsteigen...\" \/>\n<meta property=\"og:url\" content=\"https:\/\/www.eastwest-trading.de\/blog\/gartenkalender\/bald-regt-sich-leben-im-garten-teil-2-was-jetzt-getan-werden-sollte\/\" \/>\n<meta property=\"og:site_name\" content=\"Gartenpflege Tipps &amp; Ideen\" \/>\n<meta property=\"article:publisher\" content=\"https:\/\/www.facebook.com\/EastwestTrading.Pflanzkuebel\/\" \/>\n<meta property=\"article:published_time\" content=\"2013-03-08T06:53:00+00:00\" \/>\n<meta property=\"article:modified_time\" content=\"2018-03-28T09:42:27+00:00\" \/>\n<meta property=\"og:image\" content=\"https:\/\/www.eastwest-trading.de\/blog\/wp-content\/uploads\/2013\/03\/armschoner-eastwest.jpg\" \/>\n\t<meta property=\"og:image:width\" content=\"800\" \/>\n\t<meta property=\"og:image:height\" content=\"534\" \/>\n\t<meta property=\"og:image:type\" content=\"image\/jpeg\" \/>\n<meta name=\"author\" content=\"Stephan\" \/>\n<meta name=\"twitter:label1\" content=\"Verfasst von\" \/>\n\t<meta name=\"twitter:data1\" content=\"Stephan\" \/>\n\t<meta name=\"twitter:label2\" content=\"Gesch\u00e4tzte Lesezeit\" \/>\n\t<meta name=\"twitter:data2\" content=\"1\u00a0Minute\" \/>\n<script type=\"application\/ld+json\" class=\"yoast-schema-graph\">{\"@context\":\"https:\\\/\\\/schema.org\",\"@graph\":[{\"@type\":\"Article\",\"@id\":\"https:\\\/\\\/www.eastwest-trading.de\\\/blog\\\/gartenkalender\\\/bald-regt-sich-leben-im-garten-teil-2-was-jetzt-getan-werden-sollte\\\/#article\",\"isPartOf\":{\"@id\":\"https:\\\/\\\/www.eastwest-trading.de\\\/blog\\\/gartenkalender\\\/bald-regt-sich-leben-im-garten-teil-2-was-jetzt-getan-werden-sollte\\\/\"},\"author\":{\"name\":\"Stephan\",\"@id\":\"https:\\\/\\\/www.eastwest-trading.de\\\/blog\\\/#\\\/schema\\\/person\\\/91fc85a47b32465d8c1f3593d019f7f3\"},\"headline\":\"Bald regt sich Leben im Garten (Teil 2): Was jetzt getan werden sollte\",\"datePublished\":\"2013-03-08T06:53:00+00:00\",\"dateModified\":\"2018-03-28T09:42:27+00:00\",\"mainEntityOfPage\":{\"@id\":\"https:\\\/\\\/www.eastwest-trading.de\\\/blog\\\/gartenkalender\\\/bald-regt-sich-leben-im-garten-teil-2-was-jetzt-getan-werden-sollte\\\/\"},\"wordCount\":233,\"commentCount\":0,\"publisher\":{\"@id\":\"https:\\\/\\\/www.eastwest-trading.de\\\/blog\\\/#organization\"},\"image\":{\"@id\":\"https:\\\/\\\/www.eastwest-trading.de\\\/blog\\\/gartenkalender\\\/bald-regt-sich-leben-im-garten-teil-2-was-jetzt-getan-werden-sollte\\\/#primaryimage\"},\"thumbnailUrl\":\"https:\\\/\\\/www.eastwest-trading.de\\\/blog\\\/wp-content\\\/uploads\\\/2013\\\/03\\\/armschoner-eastwest.jpg\",\"articleSection\":[\"Gartenkalender\"],\"inLanguage\":\"de\",\"potentialAction\":[{\"@type\":\"CommentAction\",\"name\":\"Comment\",\"target\":[\"https:\\\/\\\/www.eastwest-trading.de\\\/blog\\\/gartenkalender\\\/bald-regt-sich-leben-im-garten-teil-2-was-jetzt-getan-werden-sollte\\\/#respond\"]}]},{\"@type\":\"WebPage\",\"@id\":\"https:\\\/\\\/www.eastwest-trading.de\\\/blog\\\/gartenkalender\\\/bald-regt-sich-leben-im-garten-teil-2-was-jetzt-getan-werden-sollte\\\/\",\"url\":\"https:\\\/\\\/www.eastwest-trading.de\\\/blog\\\/gartenkalender\\\/bald-regt-sich-leben-im-garten-teil-2-was-jetzt-getan-werden-sollte\\\/\",\"name\":\"Bald regt sich Leben im Garten (Teil 2): Was jetzt getan werden sollte - Gartenpflege Tipps &amp; Ideen\",\"isPartOf\":{\"@id\":\"https:\\\/\\\/www.eastwest-trading.de\\\/blog\\\/#website\"},\"primaryImageOfPage\":{\"@id\":\"https:\\\/\\\/www.eastwest-trading.de\\\/blog\\\/gartenkalender\\\/bald-regt-sich-leben-im-garten-teil-2-was-jetzt-getan-werden-sollte\\\/#primaryimage\"},\"image\":{\"@id\":\"https:\\\/\\\/www.eastwest-trading.de\\\/blog\\\/gartenkalender\\\/bald-regt-sich-leben-im-garten-teil-2-was-jetzt-getan-werden-sollte\\\/#primaryimage\"},\"thumbnailUrl\":\"https:\\\/\\\/www.eastwest-trading.de\\\/blog\\\/wp-content\\\/uploads\\\/2013\\\/03\\\/armschoner-eastwest.jpg\",\"datePublished\":\"2013-03-08T06:53:00+00:00\",\"dateModified\":\"2018-03-28T09:42:27+00:00\",\"breadcrumb\":{\"@id\":\"https:\\\/\\\/www.eastwest-trading.de\\\/blog\\\/gartenkalender\\\/bald-regt-sich-leben-im-garten-teil-2-was-jetzt-getan-werden-sollte\\\/#breadcrumb\"},\"inLanguage\":\"de\",\"potentialAction\":[{\"@type\":\"ReadAction\",\"target\":[\"https:\\\/\\\/www.eastwest-trading.de\\\/blog\\\/gartenkalender\\\/bald-regt-sich-leben-im-garten-teil-2-was-jetzt-getan-werden-sollte\\\/\"]}]},{\"@type\":\"ImageObject\",\"inLanguage\":\"de\",\"@id\":\"https:\\\/\\\/www.eastwest-trading.de\\\/blog\\\/gartenkalender\\\/bald-regt-sich-leben-im-garten-teil-2-was-jetzt-getan-werden-sollte\\\/#primaryimage\",\"url\":\"https:\\\/\\\/www.eastwest-trading.de\\\/blog\\\/wp-content\\\/uploads\\\/2013\\\/03\\\/armschoner-eastwest.jpg\",\"contentUrl\":\"https:\\\/\\\/www.eastwest-trading.de\\\/blog\\\/wp-content\\\/uploads\\\/2013\\\/03\\\/armschoner-eastwest.jpg\",\"width\":800,\"height\":534},{\"@type\":\"BreadcrumbList\",\"@id\":\"https:\\\/\\\/www.eastwest-trading.de\\\/blog\\\/gartenkalender\\\/bald-regt-sich-leben-im-garten-teil-2-was-jetzt-getan-werden-sollte\\\/#breadcrumb\",\"itemListElement\":[{\"@type\":\"ListItem\",\"position\":1,\"name\":\"Home\",\"item\":\"https:\\\/\\\/www.eastwest-trading.de\\\/blog\\\/\"},{\"@type\":\"ListItem\",\"position\":2,\"name\":\"Bald regt sich Leben im Garten (Teil 2): Was jetzt getan werden sollte\"}]},{\"@type\":\"WebSite\",\"@id\":\"https:\\\/\\\/www.eastwest-trading.de\\\/blog\\\/#website\",\"url\":\"https:\\\/\\\/www.eastwest-trading.de\\\/blog\\\/\",\"name\":\"Eastwest Trading\",\"description\":\"\",\"publisher\":{\"@id\":\"https:\\\/\\\/www.eastwest-trading.de\\\/blog\\\/#organization\"},\"potentialAction\":[{\"@type\":\"SearchAction\",\"target\":{\"@type\":\"EntryPoint\",\"urlTemplate\":\"https:\\\/\\\/www.eastwest-trading.de\\\/blog\\\/?s={search_term_string}\"},\"query-input\":{\"@type\":\"PropertyValueSpecification\",\"valueRequired\":true,\"valueName\":\"search_term_string\"}}],\"inLanguage\":\"de\"},{\"@type\":\"Organization\",\"@id\":\"https:\\\/\\\/www.eastwest-trading.de\\\/blog\\\/#organization\",\"name\":\"Gartenpflege Tipps & Ideen\",\"url\":\"https:\\\/\\\/www.eastwest-trading.de\\\/blog\\\/\",\"logo\":{\"@type\":\"ImageObject\",\"inLanguage\":\"de\",\"@id\":\"https:\\\/\\\/www.eastwest-trading.de\\\/blog\\\/#\\\/schema\\\/logo\\\/image\\\/\",\"url\":\"https:\\\/\\\/www.eastwest-trading.de\\\/blog\\\/wp-content\\\/uploads\\\/2017\\\/09\\\/eastwest-trading-logo-schoener-leben-mit-pflanzkuebeln.png\",\"contentUrl\":\"https:\\\/\\\/www.eastwest-trading.de\\\/blog\\\/wp-content\\\/uploads\\\/2017\\\/09\\\/eastwest-trading-logo-schoener-leben-mit-pflanzkuebeln.png\",\"width\":290,\"height\":102,\"caption\":\"Gartenpflege Tipps & Ideen\"},\"image\":{\"@id\":\"https:\\\/\\\/www.eastwest-trading.de\\\/blog\\\/#\\\/schema\\\/logo\\\/image\\\/\"},\"sameAs\":[\"https:\\\/\\\/www.facebook.com\\\/EastwestTrading.Pflanzkuebel\\\/\"]},{\"@type\":\"Person\",\"@id\":\"https:\\\/\\\/www.eastwest-trading.de\\\/blog\\\/#\\\/schema\\\/person\\\/91fc85a47b32465d8c1f3593d019f7f3\",\"name\":\"Stephan\",\"image\":{\"@type\":\"ImageObject\",\"inLanguage\":\"de\",\"@id\":\"https:\\\/\\\/secure.gravatar.com\\\/avatar\\\/e10e6ef4907f2b0e0e3eb2c76a118639d1e851599fdccec21fa6966e66dc8153?s=96&d=mm&r=g\",\"url\":\"https:\\\/\\\/secure.gravatar.com\\\/avatar\\\/e10e6ef4907f2b0e0e3eb2c76a118639d1e851599fdccec21fa6966e66dc8153?s=96&d=mm&r=g\",\"contentUrl\":\"https:\\\/\\\/secure.gravatar.com\\\/avatar\\\/e10e6ef4907f2b0e0e3eb2c76a118639d1e851599fdccec21fa6966e66dc8153?s=96&d=mm&r=g\",\"caption\":\"Stephan\"},\"url\":\"https:\\\/\\\/www.eastwest-trading.de\\\/blog\\\/author\\\/stephan\\\/\"}]}<\/script>\n<!-- \/ Yoast SEO plugin. -->","yoast_head_json":{"title":"Bald regt sich Leben im Garten (Teil 2): Was jetzt getan werden sollte - Gartenpflege Tipps &amp; Ideen","robots":{"index":"index","follow":"follow","max-snippet":"max-snippet:-1","max-image-preview":"max-image-preview:large","max-video-preview":"max-video-preview:-1"},"canonical":"https:\/\/www.eastwest-trading.de\/blog\/gartenkalender\/bald-regt-sich-leben-im-garten-teil-2-was-jetzt-getan-werden-sollte\/","og_locale":"de_DE","og_type":"article","og_title":"Bald regt sich Leben im Garten (Teil 2): Was jetzt getan werden sollte - Gartenpflege Tipps &amp; Ideen","og_description":"Das Wichtigste vorab: Nach der Winterruhe ist es jetzt an der Zeit, die B\u00e4ume auszuputzen und \u00c4ste abzus\u00e4gen, bevor die S\u00e4fte im Baum emporsteigen...","og_url":"https:\/\/www.eastwest-trading.de\/blog\/gartenkalender\/bald-regt-sich-leben-im-garten-teil-2-was-jetzt-getan-werden-sollte\/","og_site_name":"Gartenpflege Tipps &amp; Ideen","article_publisher":"https:\/\/www.facebook.com\/EastwestTrading.Pflanzkuebel\/","article_published_time":"2013-03-08T06:53:00+00:00","article_modified_time":"2018-03-28T09:42:27+00:00","og_image":[{"width":800,"height":534,"url":"https:\/\/www.eastwest-trading.de\/blog\/wp-content\/uploads\/2013\/03\/armschoner-eastwest.jpg","type":"image\/jpeg"}],"author":"Stephan","twitter_misc":{"Verfasst von":"Stephan","Gesch\u00e4tzte Lesezeit":"1\u00a0Minute"},"schema":{"@context":"https:\/\/schema.org","@graph":[{"@type":"Article","@id":"https:\/\/www.eastwest-trading.de\/blog\/gartenkalender\/bald-regt-sich-leben-im-garten-teil-2-was-jetzt-getan-werden-sollte\/#article","isPartOf":{"@id":"https:\/\/www.eastwest-trading.de\/blog\/gartenkalender\/bald-regt-sich-leben-im-garten-teil-2-was-jetzt-getan-werden-sollte\/"},"author":{"name":"Stephan","@id":"https:\/\/www.eastwest-trading.de\/blog\/#\/schema\/person\/91fc85a47b32465d8c1f3593d019f7f3"},"headline":"Bald regt sich Leben im Garten (Teil 2): Was jetzt getan werden sollte","datePublished":"2013-03-08T06:53:00+00:00","dateModified":"2018-03-28T09:42:27+00:00","mainEntityOfPage":{"@id":"https:\/\/www.eastwest-trading.de\/blog\/gartenkalender\/bald-regt-sich-leben-im-garten-teil-2-was-jetzt-getan-werden-sollte\/"},"wordCount":233,"commentCount":0,"publisher":{"@id":"https:\/\/www.eastwest-trading.de\/blog\/#organization"},"image":{"@id":"https:\/\/www.eastwest-trading.de\/blog\/gartenkalender\/bald-regt-sich-leben-im-garten-teil-2-was-jetzt-getan-werden-sollte\/#primaryimage"},"thumbnailUrl":"https:\/\/www.eastwest-trading.de\/blog\/wp-content\/uploads\/2013\/03\/armschoner-eastwest.jpg","articleSection":["Gartenkalender"],"inLanguage":"de","potentialAction":[{"@type":"CommentAction","name":"Comment","target":["https:\/\/www.eastwest-trading.de\/blog\/gartenkalender\/bald-regt-sich-leben-im-garten-teil-2-was-jetzt-getan-werden-sollte\/#respond"]}]},{"@type":"WebPage","@id":"https:\/\/www.eastwest-trading.de\/blog\/gartenkalender\/bald-regt-sich-leben-im-garten-teil-2-was-jetzt-getan-werden-sollte\/","url":"https:\/\/www.eastwest-trading.de\/blog\/gartenkalender\/bald-regt-sich-leben-im-garten-teil-2-was-jetzt-getan-werden-sollte\/","name":"Bald regt sich Leben im Garten (Teil 2): Was jetzt getan werden sollte - Gartenpflege Tipps &amp; Ideen","isPartOf":{"@id":"https:\/\/www.eastwest-trading.de\/blog\/#website"},"primaryImageOfPage":{"@id":"https:\/\/www.eastwest-trading.de\/blog\/gartenkalender\/bald-regt-sich-leben-im-garten-teil-2-was-jetzt-getan-werden-sollte\/#primaryimage"},"image":{"@id":"https:\/\/www.eastwest-trading.de\/blog\/gartenkalender\/bald-regt-sich-leben-im-garten-teil-2-was-jetzt-getan-werden-sollte\/#primaryimage"},"thumbnailUrl":"https:\/\/www.eastwest-trading.de\/blog\/wp-content\/uploads\/2013\/03\/armschoner-eastwest.jpg","datePublished":"2013-03-08T06:53:00+00:00","dateModified":"2018-03-28T09:42:27+00:00","breadcrumb":{"@id":"https:\/\/www.eastwest-trading.de\/blog\/gartenkalender\/bald-regt-sich-leben-im-garten-teil-2-was-jetzt-getan-werden-sollte\/#breadcrumb"},"inLanguage":"de","potentialAction":[{"@type":"ReadAction","target":["https:\/\/www.eastwest-trading.de\/blog\/gartenkalender\/bald-regt-sich-leben-im-garten-teil-2-was-jetzt-getan-werden-sollte\/"]}]},{"@type":"ImageObject","inLanguage":"de","@id":"https:\/\/www.eastwest-trading.de\/blog\/gartenkalender\/bald-regt-sich-leben-im-garten-teil-2-was-jetzt-getan-werden-sollte\/#primaryimage","url":"https:\/\/www.eastwest-trading.de\/blog\/wp-content\/uploads\/2013\/03\/armschoner-eastwest.jpg","contentUrl":"https:\/\/www.eastwest-trading.de\/blog\/wp-content\/uploads\/2013\/03\/armschoner-eastwest.jpg","width":800,"height":534},{"@type":"BreadcrumbList","@id":"https:\/\/www.eastwest-trading.de\/blog\/gartenkalender\/bald-regt-sich-leben-im-garten-teil-2-was-jetzt-getan-werden-sollte\/#breadcrumb","itemListElement":[{"@type":"ListItem","position":1,"name":"Home","item":"https:\/\/www.eastwest-trading.de\/blog\/"},{"@type":"ListItem","position":2,"name":"Bald regt sich Leben im Garten (Teil 2): Was jetzt getan werden sollte"}]},{"@type":"WebSite","@id":"https:\/\/www.eastwest-trading.de\/blog\/#website","url":"https:\/\/www.eastwest-trading.de\/blog\/","name":"Eastwest Trading","description":"","publisher":{"@id":"https:\/\/www.eastwest-trading.de\/blog\/#organization"},"potentialAction":[{"@type":"SearchAction","target":{"@type":"EntryPoint","urlTemplate":"https:\/\/www.eastwest-trading.de\/blog\/?s={search_term_string}"},"query-input":{"@type":"PropertyValueSpecification","valueRequired":true,"valueName":"search_term_string"}}],"inLanguage":"de"},{"@type":"Organization","@id":"https:\/\/www.eastwest-trading.de\/blog\/#organization","name":"Gartenpflege Tipps & Ideen","url":"https:\/\/www.eastwest-trading.de\/blog\/","logo":{"@type":"ImageObject","inLanguage":"de","@id":"https:\/\/www.eastwest-trading.de\/blog\/#\/schema\/logo\/image\/","url":"https:\/\/www.eastwest-trading.de\/blog\/wp-content\/uploads\/2017\/09\/eastwest-trading-logo-schoener-leben-mit-pflanzkuebeln.png","contentUrl":"https:\/\/www.eastwest-trading.de\/blog\/wp-content\/uploads\/2017\/09\/eastwest-trading-logo-schoener-leben-mit-pflanzkuebeln.png","width":290,"height":102,"caption":"Gartenpflege Tipps & Ideen"},"image":{"@id":"https:\/\/www.eastwest-trading.de\/blog\/#\/schema\/logo\/image\/"},"sameAs":["https:\/\/www.facebook.com\/EastwestTrading.Pflanzkuebel\/"]},{"@type":"Person","@id":"https:\/\/www.eastwest-trading.de\/blog\/#\/schema\/person\/91fc85a47b32465d8c1f3593d019f7f3","name":"Stephan","image":{"@type":"ImageObject","inLanguage":"de","@id":"https:\/\/secure.gravatar.com\/avatar\/e10e6ef4907f2b0e0e3eb2c76a118639d1e851599fdccec21fa6966e66dc8153?s=96&d=mm&r=g","url":"https:\/\/secure.gravatar.com\/avatar\/e10e6ef4907f2b0e0e3eb2c76a118639d1e851599fdccec21fa6966e66dc8153?s=96&d=mm&r=g","contentUrl":"https:\/\/secure.gravatar.com\/avatar\/e10e6ef4907f2b0e0e3eb2c76a118639d1e851599fdccec21fa6966e66dc8153?s=96&d=mm&r=g","caption":"Stephan"},"url":"https:\/\/www.eastwest-trading.de\/blog\/author\/stephan\/"}]}},"_links":{"self":[{"href":"https:\/\/www.eastwest-trading.de\/blog\/wp-json\/wp\/v2\/posts\/1395","targetHints":{"allow":["GET"]}}],"collection":[{"href":"https:\/\/www.eastwest-trading.de\/blog\/wp-json\/wp\/v2\/posts"}],"about":[{"href":"https:\/\/www.eastwest-trading.de\/blog\/wp-json\/wp\/v2\/types\/post"}],"author":[{"embeddable":true,"href":"https:\/\/www.eastwest-trading.de\/blog\/wp-json\/wp\/v2\/users\/2"}],"replies":[{"embeddable":true,"href":"https:\/\/www.eastwest-trading.de\/blog\/wp-json\/wp\/v2\/comments?post=1395"}],"version-history":[{"count":3,"href":"https:\/\/www.eastwest-trading.de\/blog\/wp-json\/wp\/v2\/posts\/1395\/revisions"}],"predecessor-version":[{"id":1399,"href":"https:\/\/www.eastwest-trading.de\/blog\/wp-json\/wp\/v2\/posts\/1395\/revisions\/1399"}],"wp:featuredmedia":[{"embeddable":true,"href":"https:\/\/www.eastwest-trading.de\/blog\/wp-json\/wp\/v2\/media\/1397"}],"wp:attachment":[{"href":"https:\/\/www.eastwest-trading.de\/blog\/wp-json\/wp\/v2\/media?parent=1395"}],"wp:term":[{"taxonomy":"category","embeddable":true,"href":"https:\/\/www.eastwest-trading.de\/blog\/wp-json\/wp\/v2\/categories?post=1395"},{"taxonomy":"post_tag","embeddable":true,"href":"https:\/\/www.eastwest-trading.de\/blog\/wp-json\/wp\/v2\/tags?post=1395"}],"curies":[{"name":"wp","href":"https:\/\/api.w.org\/{rel}","templated":true}]}}