{"id":1015,"date":"2013-01-25T08:48:20","date_gmt":"2013-01-25T07:48:20","guid":{"rendered":"http:\/\/blog.eastwest-trading.de\/?p=1015"},"modified":"2024-03-28T09:46:39","modified_gmt":"2024-03-28T08:46:39","slug":"im-fokus-teil-6-die-pflanzkubel-ferrara-und-siena","status":"publish","type":"post","link":"https:\/\/www.eastwest-trading.de\/blog\/im-fokus\/im-fokus-teil-6-die-pflanzkubel-ferrara-und-siena\/","title":{"rendered":"Im Fokus (Teil 6) Die Pflanzk\u00fcbel FERRARA und SIENA"},"content":{"rendered":"<article class=\"entry-content\"><p>Mit dem <a href=\"https:\/\/www.eastwest-trading.de\/pflanzkuebel\/\" data-bcup-haslogintext=\"no\">Pflanzk\u00fcbel<\/a> Ferrara fing alles an. \u201eFerrara war der erste Blumenk\u00fcbel mit Steinoberfl\u00e4che, den wir im Programm hatten\u201c, erkl\u00e4rt Eastwest-Inhaber Stephan Hack. Damit war Eastwest auch bei diesem Trend einer der Vorreiter, denn <a href=\"https:\/\/www.eastwest-trading.de\/pflanzkuebel\/fiberglas\/\" data-bcup-haslogintext=\"no\">Fiberglas-Pflanzgef\u00e4\u00dfe<\/a> mit einer derartigen Oberfl\u00e4che zu versehen, war vor drei Jahren innovativ.<\/p>\n<p>Heute hat Eastwest sein Sortiment erheblich ausgebaut \u2013 auch, weil diese Pflanzk\u00fcbel so gut bei den Kunden ankommen. Die Fiberglas-Linie \u201efeiner Stein\u201c umfasst mittlerweile graue, schwarze und wei\u00dfe Pflanzk\u00fcbel, \u201eda ist f\u00fcr jeden Geschmack etwas dabei\u201c, so Hack. Zum Beispiel der <a href=\"https:\/\/www.eastwest-trading.de\/blumenkuebel\/\" data-bcup-haslogintext=\"no\">Blumenk\u00fcbel<\/a> Siena: Gehalten in schlichtem betongrau, \u00e4hnelt dieser Pflanzk\u00fcbel tats\u00e4chlich einer grauen Natursteinoberfl\u00e4che. Mit diesem neutralen Farbton passt Siena fast in jede Gartenlandschaft.<\/p>\n<p><a href=\"https:\/\/www.eastwest-trading.de\/blog\/im-fokus-teil-6-die-pflanzkubel-ferrara-und-siena\/blumenkubel-stein-012\" rel=\"attachment wp-att-1016\" data-bcup-haslogintext=\"no\"><img loading=\"lazy\" decoding=\"async\" class=\"alignleft size-medium wp-image-1016\" src=\"https:\/\/www.eastwest-trading.de\/blog\/wp-content\/uploads\/2013\/01\/Blumenk\u00fcbel-Stein-012-300x225.jpg\" alt=\"Blumenk\u00fcbel-Stein 012\" width=\"300\" height=\"225\" srcset=\"https:\/\/www.eastwest-trading.de\/blog\/wp-content\/uploads\/2013\/01\/Blumenk\u00fcbel-Stein-012-300x225.jpg 300w, https:\/\/www.eastwest-trading.de\/blog\/wp-content\/uploads\/2013\/01\/Blumenk\u00fcbel-Stein-012.jpg 800w\" sizes=\"auto, (max-width: 300px) 100vw, 300px\" \/><\/a>F\u00fcr 2013 ist geplant, die Fiberglas-Pflanzk\u00fcbel \u201efeiner Stein\u201c um weitere Pflanztr\u00f6ge zu erweitern. Spannende Formen werden in den n\u00e4chsten Wochen im Onlineshop erh\u00e4ltlich sein. Zum einen erg\u00e4nzen fortan auch <a href=\"https:\/\/www.eastwest-trading.de\/pflanztroege\/\" data-bcup-haslogintext=\"no\">Pflanztr\u00f6ge<\/a> mit 80cm L\u00e4nge das Sortiment; des Weiteren werden Artikel in einer herrlichen grauen und schwarzen <a href=\"https:\/\/www.eastwest-trading.de\/pflanzkuebel\/stein\/\" data-bcup-haslogintext=\"no\">Steinmauer-Optik<\/a> erh\u00e4ltlich sein. \u201eWir sind sicher: gerade diese neuen Blumenk\u00fcbel werden beim Kunden sehr gut ankommen\u201c, meint Hack.<\/p>\n<\/article>","protected":false},"excerpt":{"rendered":"<p>Mit dem Pflanzk\u00fcbel Ferrara fing alles an. \u201eFerrara war der erste Blumenk\u00fcbel mit Steinoberfl\u00e4che, den wir im Programm hatten\u201c, erkl\u00e4rt Eastwest-Inhaber Stephan Hack. Damit&#8230;<\/p>\n","protected":false},"author":2,"featured_media":1016,"comment_status":"open","ping_status":"open","sticky":false,"template":"","format":"standard","meta":{"footnotes":""},"categories":[547],"tags":[],"class_list":["post-1015","post","type-post","status-publish","format-standard","has-post-thumbnail","hentry","category-im-fokus","post-item","post-even"],"yoast_head":"<!-- This site is optimized with the Yoast SEO plugin v27.5 - https:\/\/yoast.com\/product\/yoast-seo-wordpress\/ -->\n<title>Im Fokus (Teil 6) Die Pflanzk\u00fcbel FERRARA und SIENA - Gartenpflege Tipps &amp; Ideen<\/title>\n<meta name=\"robots\" content=\"index, follow, max-snippet:-1, max-image-preview:large, max-video-preview:-1\" \/>\n<link rel=\"canonical\" href=\"https:\/\/www.eastwest-trading.de\/blog\/im-fokus\/im-fokus-teil-6-die-pflanzkubel-ferrara-und-siena\/\" \/>\n<meta property=\"og:locale\" content=\"de_DE\" \/>\n<meta property=\"og:type\" content=\"article\" \/>\n<meta property=\"og:title\" content=\"Im Fokus (Teil 6) Die Pflanzk\u00fcbel FERRARA und SIENA - Gartenpflege Tipps &amp; Ideen\" \/>\n<meta property=\"og:description\" content=\"Mit dem Pflanzk\u00fcbel Ferrara fing alles an. \u201eFerrara war der erste Blumenk\u00fcbel mit Steinoberfl\u00e4che, den wir im Programm hatten\u201c, erkl\u00e4rt Eastwest-Inhaber Stephan Hack. Damit...\" \/>\n<meta property=\"og:url\" content=\"https:\/\/www.eastwest-trading.de\/blog\/im-fokus\/im-fokus-teil-6-die-pflanzkubel-ferrara-und-siena\/\" \/>\n<meta property=\"og:site_name\" content=\"Gartenpflege Tipps &amp; Ideen\" \/>\n<meta property=\"article:publisher\" content=\"https:\/\/www.facebook.com\/EastwestTrading.Pflanzkuebel\/\" \/>\n<meta property=\"article:published_time\" content=\"2013-01-25T07:48:20+00:00\" \/>\n<meta property=\"article:modified_time\" content=\"2024-03-28T08:46:39+00:00\" \/>\n<meta property=\"og:image\" content=\"https:\/\/www.eastwest-trading.de\/blog\/wp-content\/uploads\/2013\/01\/Blumenk\u00fcbel-Stein-012.jpg\" \/>\n\t<meta property=\"og:image:width\" content=\"800\" \/>\n\t<meta property=\"og:image:height\" content=\"600\" \/>\n\t<meta property=\"og:image:type\" content=\"image\/jpeg\" \/>\n<meta name=\"author\" content=\"Stephan\" \/>\n<meta name=\"twitter:label1\" content=\"Verfasst von\" \/>\n\t<meta name=\"twitter:data1\" content=\"Stephan\" \/>\n\t<meta name=\"twitter:label2\" content=\"Gesch\u00e4tzte Lesezeit\" \/>\n\t<meta name=\"twitter:data2\" content=\"2\u00a0Minuten\" \/>\n<script type=\"application\/ld+json\" class=\"yoast-schema-graph\">{\"@context\":\"https:\\\/\\\/schema.org\",\"@graph\":[{\"@type\":\"Article\",\"@id\":\"https:\\\/\\\/www.eastwest-trading.de\\\/blog\\\/im-fokus\\\/im-fokus-teil-6-die-pflanzkubel-ferrara-und-siena\\\/#article\",\"isPartOf\":{\"@id\":\"https:\\\/\\\/www.eastwest-trading.de\\\/blog\\\/im-fokus\\\/im-fokus-teil-6-die-pflanzkubel-ferrara-und-siena\\\/\"},\"author\":{\"name\":\"Stephan\",\"@id\":\"https:\\\/\\\/www.eastwest-trading.de\\\/blog\\\/#\\\/schema\\\/person\\\/91fc85a47b32465d8c1f3593d019f7f3\"},\"headline\":\"Im Fokus (Teil 6) Die Pflanzk\u00fcbel FERRARA und SIENA\",\"datePublished\":\"2013-01-25T07:48:20+00:00\",\"dateModified\":\"2024-03-28T08:46:39+00:00\",\"mainEntityOfPage\":{\"@id\":\"https:\\\/\\\/www.eastwest-trading.de\\\/blog\\\/im-fokus\\\/im-fokus-teil-6-die-pflanzkubel-ferrara-und-siena\\\/\"},\"wordCount\":204,\"commentCount\":0,\"publisher\":{\"@id\":\"https:\\\/\\\/www.eastwest-trading.de\\\/blog\\\/#organization\"},\"image\":{\"@id\":\"https:\\\/\\\/www.eastwest-trading.de\\\/blog\\\/im-fokus\\\/im-fokus-teil-6-die-pflanzkubel-ferrara-und-siena\\\/#primaryimage\"},\"thumbnailUrl\":\"https:\\\/\\\/www.eastwest-trading.de\\\/blog\\\/wp-content\\\/uploads\\\/2013\\\/01\\\/Blumenk\u00fcbel-Stein-012.jpg\",\"articleSection\":[\"Im Fokus\"],\"inLanguage\":\"de\",\"potentialAction\":[{\"@type\":\"CommentAction\",\"name\":\"Comment\",\"target\":[\"https:\\\/\\\/www.eastwest-trading.de\\\/blog\\\/im-fokus\\\/im-fokus-teil-6-die-pflanzkubel-ferrara-und-siena\\\/#respond\"]}]},{\"@type\":\"WebPage\",\"@id\":\"https:\\\/\\\/www.eastwest-trading.de\\\/blog\\\/im-fokus\\\/im-fokus-teil-6-die-pflanzkubel-ferrara-und-siena\\\/\",\"url\":\"https:\\\/\\\/www.eastwest-trading.de\\\/blog\\\/im-fokus\\\/im-fokus-teil-6-die-pflanzkubel-ferrara-und-siena\\\/\",\"name\":\"Im Fokus (Teil 6) Die Pflanzk\u00fcbel FERRARA und SIENA - Gartenpflege Tipps &amp; Ideen\",\"isPartOf\":{\"@id\":\"https:\\\/\\\/www.eastwest-trading.de\\\/blog\\\/#website\"},\"primaryImageOfPage\":{\"@id\":\"https:\\\/\\\/www.eastwest-trading.de\\\/blog\\\/im-fokus\\\/im-fokus-teil-6-die-pflanzkubel-ferrara-und-siena\\\/#primaryimage\"},\"image\":{\"@id\":\"https:\\\/\\\/www.eastwest-trading.de\\\/blog\\\/im-fokus\\\/im-fokus-teil-6-die-pflanzkubel-ferrara-und-siena\\\/#primaryimage\"},\"thumbnailUrl\":\"https:\\\/\\\/www.eastwest-trading.de\\\/blog\\\/wp-content\\\/uploads\\\/2013\\\/01\\\/Blumenk\u00fcbel-Stein-012.jpg\",\"datePublished\":\"2013-01-25T07:48:20+00:00\",\"dateModified\":\"2024-03-28T08:46:39+00:00\",\"breadcrumb\":{\"@id\":\"https:\\\/\\\/www.eastwest-trading.de\\\/blog\\\/im-fokus\\\/im-fokus-teil-6-die-pflanzkubel-ferrara-und-siena\\\/#breadcrumb\"},\"inLanguage\":\"de\",\"potentialAction\":[{\"@type\":\"ReadAction\",\"target\":[\"https:\\\/\\\/www.eastwest-trading.de\\\/blog\\\/im-fokus\\\/im-fokus-teil-6-die-pflanzkubel-ferrara-und-siena\\\/\"]}]},{\"@type\":\"ImageObject\",\"inLanguage\":\"de\",\"@id\":\"https:\\\/\\\/www.eastwest-trading.de\\\/blog\\\/im-fokus\\\/im-fokus-teil-6-die-pflanzkubel-ferrara-und-siena\\\/#primaryimage\",\"url\":\"https:\\\/\\\/www.eastwest-trading.de\\\/blog\\\/wp-content\\\/uploads\\\/2013\\\/01\\\/Blumenk\u00fcbel-Stein-012.jpg\",\"contentUrl\":\"https:\\\/\\\/www.eastwest-trading.de\\\/blog\\\/wp-content\\\/uploads\\\/2013\\\/01\\\/Blumenk\u00fcbel-Stein-012.jpg\",\"width\":800,\"height\":600},{\"@type\":\"BreadcrumbList\",\"@id\":\"https:\\\/\\\/www.eastwest-trading.de\\\/blog\\\/im-fokus\\\/im-fokus-teil-6-die-pflanzkubel-ferrara-und-siena\\\/#breadcrumb\",\"itemListElement\":[{\"@type\":\"ListItem\",\"position\":1,\"name\":\"Home\",\"item\":\"https:\\\/\\\/www.eastwest-trading.de\\\/blog\\\/\"},{\"@type\":\"ListItem\",\"position\":2,\"name\":\"Im Fokus (Teil 6) Die Pflanzk\u00fcbel FERRARA und SIENA\"}]},{\"@type\":\"WebSite\",\"@id\":\"https:\\\/\\\/www.eastwest-trading.de\\\/blog\\\/#website\",\"url\":\"https:\\\/\\\/www.eastwest-trading.de\\\/blog\\\/\",\"name\":\"Eastwest Trading\",\"description\":\"\",\"publisher\":{\"@id\":\"https:\\\/\\\/www.eastwest-trading.de\\\/blog\\\/#organization\"},\"potentialAction\":[{\"@type\":\"SearchAction\",\"target\":{\"@type\":\"EntryPoint\",\"urlTemplate\":\"https:\\\/\\\/www.eastwest-trading.de\\\/blog\\\/?s={search_term_string}\"},\"query-input\":{\"@type\":\"PropertyValueSpecification\",\"valueRequired\":true,\"valueName\":\"search_term_string\"}}],\"inLanguage\":\"de\"},{\"@type\":\"Organization\",\"@id\":\"https:\\\/\\\/www.eastwest-trading.de\\\/blog\\\/#organization\",\"name\":\"Gartenpflege Tipps & Ideen\",\"url\":\"https:\\\/\\\/www.eastwest-trading.de\\\/blog\\\/\",\"logo\":{\"@type\":\"ImageObject\",\"inLanguage\":\"de\",\"@id\":\"https:\\\/\\\/www.eastwest-trading.de\\\/blog\\\/#\\\/schema\\\/logo\\\/image\\\/\",\"url\":\"https:\\\/\\\/www.eastwest-trading.de\\\/blog\\\/wp-content\\\/uploads\\\/2017\\\/09\\\/eastwest-trading-logo-schoener-leben-mit-pflanzkuebeln.png\",\"contentUrl\":\"https:\\\/\\\/www.eastwest-trading.de\\\/blog\\\/wp-content\\\/uploads\\\/2017\\\/09\\\/eastwest-trading-logo-schoener-leben-mit-pflanzkuebeln.png\",\"width\":290,\"height\":102,\"caption\":\"Gartenpflege Tipps & Ideen\"},\"image\":{\"@id\":\"https:\\\/\\\/www.eastwest-trading.de\\\/blog\\\/#\\\/schema\\\/logo\\\/image\\\/\"},\"sameAs\":[\"https:\\\/\\\/www.facebook.com\\\/EastwestTrading.Pflanzkuebel\\\/\"]},{\"@type\":\"Person\",\"@id\":\"https:\\\/\\\/www.eastwest-trading.de\\\/blog\\\/#\\\/schema\\\/person\\\/91fc85a47b32465d8c1f3593d019f7f3\",\"name\":\"Stephan\",\"image\":{\"@type\":\"ImageObject\",\"inLanguage\":\"de\",\"@id\":\"https:\\\/\\\/secure.gravatar.com\\\/avatar\\\/e10e6ef4907f2b0e0e3eb2c76a118639d1e851599fdccec21fa6966e66dc8153?s=96&d=mm&r=g\",\"url\":\"https:\\\/\\\/secure.gravatar.com\\\/avatar\\\/e10e6ef4907f2b0e0e3eb2c76a118639d1e851599fdccec21fa6966e66dc8153?s=96&d=mm&r=g\",\"contentUrl\":\"https:\\\/\\\/secure.gravatar.com\\\/avatar\\\/e10e6ef4907f2b0e0e3eb2c76a118639d1e851599fdccec21fa6966e66dc8153?s=96&d=mm&r=g\",\"caption\":\"Stephan\"},\"url\":\"https:\\\/\\\/www.eastwest-trading.de\\\/blog\\\/author\\\/stephan\\\/\"}]}<\/script>\n<!-- \/ Yoast SEO plugin. -->","yoast_head_json":{"title":"Im Fokus (Teil 6) Die Pflanzk\u00fcbel FERRARA und SIENA - Gartenpflege Tipps &amp; Ideen","robots":{"index":"index","follow":"follow","max-snippet":"max-snippet:-1","max-image-preview":"max-image-preview:large","max-video-preview":"max-video-preview:-1"},"canonical":"https:\/\/www.eastwest-trading.de\/blog\/im-fokus\/im-fokus-teil-6-die-pflanzkubel-ferrara-und-siena\/","og_locale":"de_DE","og_type":"article","og_title":"Im Fokus (Teil 6) Die Pflanzk\u00fcbel FERRARA und SIENA - Gartenpflege Tipps &amp; Ideen","og_description":"Mit dem Pflanzk\u00fcbel Ferrara fing alles an. \u201eFerrara war der erste Blumenk\u00fcbel mit Steinoberfl\u00e4che, den wir im Programm hatten\u201c, erkl\u00e4rt Eastwest-Inhaber Stephan Hack. Damit...","og_url":"https:\/\/www.eastwest-trading.de\/blog\/im-fokus\/im-fokus-teil-6-die-pflanzkubel-ferrara-und-siena\/","og_site_name":"Gartenpflege Tipps &amp; Ideen","article_publisher":"https:\/\/www.facebook.com\/EastwestTrading.Pflanzkuebel\/","article_published_time":"2013-01-25T07:48:20+00:00","article_modified_time":"2024-03-28T08:46:39+00:00","og_image":[{"width":800,"height":600,"url":"https:\/\/www.eastwest-trading.de\/blog\/wp-content\/uploads\/2013\/01\/Blumenk\u00fcbel-Stein-012.jpg","type":"image\/jpeg"}],"author":"Stephan","twitter_misc":{"Verfasst von":"Stephan","Gesch\u00e4tzte Lesezeit":"2\u00a0Minuten"},"schema":{"@context":"https:\/\/schema.org","@graph":[{"@type":"Article","@id":"https:\/\/www.eastwest-trading.de\/blog\/im-fokus\/im-fokus-teil-6-die-pflanzkubel-ferrara-und-siena\/#article","isPartOf":{"@id":"https:\/\/www.eastwest-trading.de\/blog\/im-fokus\/im-fokus-teil-6-die-pflanzkubel-ferrara-und-siena\/"},"author":{"name":"Stephan","@id":"https:\/\/www.eastwest-trading.de\/blog\/#\/schema\/person\/91fc85a47b32465d8c1f3593d019f7f3"},"headline":"Im Fokus (Teil 6) Die Pflanzk\u00fcbel FERRARA und SIENA","datePublished":"2013-01-25T07:48:20+00:00","dateModified":"2024-03-28T08:46:39+00:00","mainEntityOfPage":{"@id":"https:\/\/www.eastwest-trading.de\/blog\/im-fokus\/im-fokus-teil-6-die-pflanzkubel-ferrara-und-siena\/"},"wordCount":204,"commentCount":0,"publisher":{"@id":"https:\/\/www.eastwest-trading.de\/blog\/#organization"},"image":{"@id":"https:\/\/www.eastwest-trading.de\/blog\/im-fokus\/im-fokus-teil-6-die-pflanzkubel-ferrara-und-siena\/#primaryimage"},"thumbnailUrl":"https:\/\/www.eastwest-trading.de\/blog\/wp-content\/uploads\/2013\/01\/Blumenk\u00fcbel-Stein-012.jpg","articleSection":["Im Fokus"],"inLanguage":"de","potentialAction":[{"@type":"CommentAction","name":"Comment","target":["https:\/\/www.eastwest-trading.de\/blog\/im-fokus\/im-fokus-teil-6-die-pflanzkubel-ferrara-und-siena\/#respond"]}]},{"@type":"WebPage","@id":"https:\/\/www.eastwest-trading.de\/blog\/im-fokus\/im-fokus-teil-6-die-pflanzkubel-ferrara-und-siena\/","url":"https:\/\/www.eastwest-trading.de\/blog\/im-fokus\/im-fokus-teil-6-die-pflanzkubel-ferrara-und-siena\/","name":"Im Fokus (Teil 6) Die Pflanzk\u00fcbel FERRARA und SIENA - Gartenpflege Tipps &amp; Ideen","isPartOf":{"@id":"https:\/\/www.eastwest-trading.de\/blog\/#website"},"primaryImageOfPage":{"@id":"https:\/\/www.eastwest-trading.de\/blog\/im-fokus\/im-fokus-teil-6-die-pflanzkubel-ferrara-und-siena\/#primaryimage"},"image":{"@id":"https:\/\/www.eastwest-trading.de\/blog\/im-fokus\/im-fokus-teil-6-die-pflanzkubel-ferrara-und-siena\/#primaryimage"},"thumbnailUrl":"https:\/\/www.eastwest-trading.de\/blog\/wp-content\/uploads\/2013\/01\/Blumenk\u00fcbel-Stein-012.jpg","datePublished":"2013-01-25T07:48:20+00:00","dateModified":"2024-03-28T08:46:39+00:00","breadcrumb":{"@id":"https:\/\/www.eastwest-trading.de\/blog\/im-fokus\/im-fokus-teil-6-die-pflanzkubel-ferrara-und-siena\/#breadcrumb"},"inLanguage":"de","potentialAction":[{"@type":"ReadAction","target":["https:\/\/www.eastwest-trading.de\/blog\/im-fokus\/im-fokus-teil-6-die-pflanzkubel-ferrara-und-siena\/"]}]},{"@type":"ImageObject","inLanguage":"de","@id":"https:\/\/www.eastwest-trading.de\/blog\/im-fokus\/im-fokus-teil-6-die-pflanzkubel-ferrara-und-siena\/#primaryimage","url":"https:\/\/www.eastwest-trading.de\/blog\/wp-content\/uploads\/2013\/01\/Blumenk\u00fcbel-Stein-012.jpg","contentUrl":"https:\/\/www.eastwest-trading.de\/blog\/wp-content\/uploads\/2013\/01\/Blumenk\u00fcbel-Stein-012.jpg","width":800,"height":600},{"@type":"BreadcrumbList","@id":"https:\/\/www.eastwest-trading.de\/blog\/im-fokus\/im-fokus-teil-6-die-pflanzkubel-ferrara-und-siena\/#breadcrumb","itemListElement":[{"@type":"ListItem","position":1,"name":"Home","item":"https:\/\/www.eastwest-trading.de\/blog\/"},{"@type":"ListItem","position":2,"name":"Im Fokus (Teil 6) Die Pflanzk\u00fcbel FERRARA und SIENA"}]},{"@type":"WebSite","@id":"https:\/\/www.eastwest-trading.de\/blog\/#website","url":"https:\/\/www.eastwest-trading.de\/blog\/","name":"Eastwest Trading","description":"","publisher":{"@id":"https:\/\/www.eastwest-trading.de\/blog\/#organization"},"potentialAction":[{"@type":"SearchAction","target":{"@type":"EntryPoint","urlTemplate":"https:\/\/www.eastwest-trading.de\/blog\/?s={search_term_string}"},"query-input":{"@type":"PropertyValueSpecification","valueRequired":true,"valueName":"search_term_string"}}],"inLanguage":"de"},{"@type":"Organization","@id":"https:\/\/www.eastwest-trading.de\/blog\/#organization","name":"Gartenpflege Tipps & Ideen","url":"https:\/\/www.eastwest-trading.de\/blog\/","logo":{"@type":"ImageObject","inLanguage":"de","@id":"https:\/\/www.eastwest-trading.de\/blog\/#\/schema\/logo\/image\/","url":"https:\/\/www.eastwest-trading.de\/blog\/wp-content\/uploads\/2017\/09\/eastwest-trading-logo-schoener-leben-mit-pflanzkuebeln.png","contentUrl":"https:\/\/www.eastwest-trading.de\/blog\/wp-content\/uploads\/2017\/09\/eastwest-trading-logo-schoener-leben-mit-pflanzkuebeln.png","width":290,"height":102,"caption":"Gartenpflege Tipps & Ideen"},"image":{"@id":"https:\/\/www.eastwest-trading.de\/blog\/#\/schema\/logo\/image\/"},"sameAs":["https:\/\/www.facebook.com\/EastwestTrading.Pflanzkuebel\/"]},{"@type":"Person","@id":"https:\/\/www.eastwest-trading.de\/blog\/#\/schema\/person\/91fc85a47b32465d8c1f3593d019f7f3","name":"Stephan","image":{"@type":"ImageObject","inLanguage":"de","@id":"https:\/\/secure.gravatar.com\/avatar\/e10e6ef4907f2b0e0e3eb2c76a118639d1e851599fdccec21fa6966e66dc8153?s=96&d=mm&r=g","url":"https:\/\/secure.gravatar.com\/avatar\/e10e6ef4907f2b0e0e3eb2c76a118639d1e851599fdccec21fa6966e66dc8153?s=96&d=mm&r=g","contentUrl":"https:\/\/secure.gravatar.com\/avatar\/e10e6ef4907f2b0e0e3eb2c76a118639d1e851599fdccec21fa6966e66dc8153?s=96&d=mm&r=g","caption":"Stephan"},"url":"https:\/\/www.eastwest-trading.de\/blog\/author\/stephan\/"}]}},"_links":{"self":[{"href":"https:\/\/www.eastwest-trading.de\/blog\/wp-json\/wp\/v2\/posts\/1015","targetHints":{"allow":["GET"]}}],"collection":[{"href":"https:\/\/www.eastwest-trading.de\/blog\/wp-json\/wp\/v2\/posts"}],"about":[{"href":"https:\/\/www.eastwest-trading.de\/blog\/wp-json\/wp\/v2\/types\/post"}],"author":[{"embeddable":true,"href":"https:\/\/www.eastwest-trading.de\/blog\/wp-json\/wp\/v2\/users\/2"}],"replies":[{"embeddable":true,"href":"https:\/\/www.eastwest-trading.de\/blog\/wp-json\/wp\/v2\/comments?post=1015"}],"version-history":[{"count":7,"href":"https:\/\/www.eastwest-trading.de\/blog\/wp-json\/wp\/v2\/posts\/1015\/revisions"}],"predecessor-version":[{"id":4545,"href":"https:\/\/www.eastwest-trading.de\/blog\/wp-json\/wp\/v2\/posts\/1015\/revisions\/4545"}],"wp:featuredmedia":[{"embeddable":true,"href":"https:\/\/www.eastwest-trading.de\/blog\/wp-json\/wp\/v2\/media\/1016"}],"wp:attachment":[{"href":"https:\/\/www.eastwest-trading.de\/blog\/wp-json\/wp\/v2\/media?parent=1015"}],"wp:term":[{"taxonomy":"category","embeddable":true,"href":"https:\/\/www.eastwest-trading.de\/blog\/wp-json\/wp\/v2\/categories?post=1015"},{"taxonomy":"post_tag","embeddable":true,"href":"https:\/\/www.eastwest-trading.de\/blog\/wp-json\/wp\/v2\/tags?post=1015"}],"curies":[{"name":"wp","href":"https:\/\/api.w.org\/{rel}","templated":true}]}}